{"id":9596,"date":"2015-04-09T08:25:11","date_gmt":"2015-04-09T08:25:11","guid":{"rendered":"\/?p=9596"},"modified":"2016-11-09T09:37:17","modified_gmt":"2016-11-09T09:37:17","slug":"la-guerison-un-processus-qui-peut-durer","status":"publish","type":"post","link":"https:\/\/www.servir.caef.net\/?p=9596","title":{"rendered":"La gu\u00e9rison, un processus qui peut durer\u2026"},"content":{"rendered":"<h1 style=\"text-align: center;\" align=\"LEFT\">La gu\u00e9rison, un processus<\/h1>\n<h1 style=\"text-align: center;\">\u00a0<\/h1>\n<h1 style=\"text-align: center;\">qui peut durer\u2026<\/h1>\n<p>&nbsp;<\/p>\n<p>&nbsp;<\/p>\n<p><img loading=\"lazy\" decoding=\"async\" class=\" wp-image-9597 aligncenter\" src=\"\/wp-content\/uploads\/2016\/11\/pendule.jpg\" alt=\"pendule\" width=\"231\" height=\"684\" srcset=\"https:\/\/www.servir.caef.net\/wp-content\/uploads\/2016\/11\/pendule.jpg 381w, https:\/\/www.servir.caef.net\/wp-content\/uploads\/2016\/11\/pendule-101x300.jpg 101w, https:\/\/www.servir.caef.net\/wp-content\/uploads\/2016\/11\/pendule-346x1024.jpg 346w\" sizes=\"auto, (max-width: 231px) 100vw, 231px\" \/><\/p>\n<p style=\"text-align: center;\" align=\"LEFT\"><span style=\"font-size: 8pt;\"><em>PHOTO : Mphotographe<\/em><\/span><\/p>\n<p>&nbsp;<\/p>\n<p><span style=\"color: #800000;\"><strong><span style=\"font-size: 14pt;\">Par Patrick Domascio<sub>1<\/sub><\/span><\/strong><\/span><\/p>\n<p>&nbsp;<\/p>\n<p style=\"text-align: center;\" align=\"LEFT\"><span style=\"background-color: #ccffff;\"><em>Pour moi, m\u2019approcher de Dieu,<\/em><\/span><\/p>\n<p style=\"text-align: center;\"><span style=\"background-color: #ccffff;\"><em>c\u2019est mon bien. (Ps 73.28)<\/em><\/span><\/p>\n<p style=\"text-align: center;\">\u00a0<\/p>\n<p style=\"text-align: justify;\" align=\"LEFT\"><span style=\"color: #000000;\"><span style=\"font-family: Arial, sans-serif;\"><span style=\"font-size: small;\">Un faux mouvement un matin en s\u2019habillant et c\u2019est le lumbago\u2026 Ce n\u2019est pas la premi\u00e8re fois, cela se remettra\u2026 Sauf que, cette fois-ci, \u00e7a dure. Plusieurs mois de traitement classique plus tard, je vois les gens autour de moi marcher normalement et me demande si je vais un jour remarcher comme eux tant les douleurs sont vives. Quelques mois plus tard, je m\u2019appr\u00eate \u00e0 aller \u00e0 une conf\u00e9rence chr\u00e9tienne et je lis dans <em><span style=\"background-color: #ccffff;\">1 Corinthiens 12 : \u00e0 un autre (sont donn\u00e9s)\u2026 des dons de gu\u00e9risons\u2026, \u00e0 un autre le don d\u2019op\u00e9rer des miracles\u2026 <\/span><\/em><\/span><\/span><\/span><\/p>\n<p style=\"text-align: justify;\" align=\"LEFT\"><!--more--><\/p>\n<p style=\"text-align: justify;\" align=\"LEFT\"><span style=\"color: #000000;\"><span style=\"font-family: Arial, sans-serif;\"><span style=\"font-size: small;\"><strong><em><a href=\"\/wp-content\/uploads\/2015\/pdf2015\/Servir%202-2015.pdf#page=33\" target=\"_blank\"><img loading=\"lazy\" decoding=\"async\" title=\"iconePDF\" src=\"\/wp-content\/uploads\/2011\/01\/iconePDF.jpg\" alt=\"\" width=\"81\" height=\"76\" align=\"right\" hspace=\"8\" vspace=\"8\" \/><\/a><\/em><\/strong>Ma pri\u00e8re monte vers Dieu : \u00ab Seigneur, permets que je rencontre quelqu\u2019un qui a ce don et gu\u00e9ris-moi ! \u00bb Arriv\u00e9 sur place, je rencontre un fr\u00e8re qui accepte de prier pour moi. D\u00e8s qu\u2019il prie, je tombe par terre en tremblant de tout mon corps en m\u2019\u00e9criant \u00ab Papa, papa ! \u00bb. De ma gorge sortent des r\u00e2les, je me tords dans tous les sens, ma jambe bouge\u2026 je suis conscient qu\u2019il se passe quelque chose de bizarre. Il y a quelque chose d\u2019\u00e9tranger en moi qui se manifeste. Je me rel\u00e8ve\u2026 Je ne suis pas gu\u00e9ri. Il s\u2019est au moins produit quelque chose, mais quoi ? La soir\u00e9e suivante sera pass\u00e9e en entretien avec un couple ayant un minist\u00e8re de relation d\u2019aide, de gu\u00e9rison et de d\u00e9livrance. Ce fr\u00e8re et son \u00e9pouse tentent d\u2019expliquer la raison pour laquelle il y a un blocage : l\u2019ennemi \u2013 pas forc\u00e9ment le diable, mais un de ses envoy\u00e9s \u2013 a un acc\u00e8s quelque part en moi<strong><sub>2<\/sub><\/strong>\u2026 Lorsqu\u2019ils prient encore pour moi, \u00e7a bouge beaucoup, mais pas de lib\u00e9ration, pas de gu\u00e9rison. Le Seigneur est \u00e0 l\u2019oeuvre, mais quelle est l\u2019\u00e9tape suivante ? <\/span><\/span><\/span><\/p>\n<p style=\"text-align: justify;\" align=\"LEFT\">\u00a0<\/p>\n<p style=\"text-align: justify;\" align=\"LEFT\"><span style=\"color: #000000;\"><span style=\"font-family: Arial, sans-serif;\"><span style=\"font-size: small;\">Je cherche de l\u2019aide autour de moi. Quelqu\u2019un mentionne un minist\u00e8re de restauration et m\u2019assure qu\u2019il connait ce genre de probl\u00e9matique. Coup de t\u00e9l\u00e9phone, prise de contact, le Seigneur permet que je sois re\u00e7u par deux personnes dans un centre. Lors des entretiens, les choses sont pos\u00e9es, calmes, on cherche \u00e0 discerner ce qui se passe, ce qui s\u2019est pass\u00e9, de quelle mani\u00e8re ma vie a \u00e9t\u00e9 malmen\u00e9e et comment l\u2019ennemi a effectivement pris position dans des lieux de ma vie par des moyens en dehors de ce que Dieu aurait voulu. Plusieurs fois, lorsqu\u2019on prie, une forte r\u00e9action d\u00e9moniaque me jette au sol. Les priants ne sont pas surpris outre mesure, mais enjoignent simplement et fermement \u00e0 l\u2019ennemi d\u2019arr\u00eater. Celui-ci ob\u00e9it<strong><sub>3<\/sub><\/strong> ! <\/span><\/span><\/span><\/p>\n<p style=\"text-align: justify;\" align=\"LEFT\">\u00a0<\/p>\n<p style=\"text-align: justify;\" align=\"LEFT\"><span style=\"color: #000000;\"><span style=\"font-family: Arial, sans-serif;\"><span style=\"font-size: small;\">C\u2019est le d\u00e9but d\u2019une relation d\u2019aide qui va durer plusieurs ann\u00e9es et au cours de laquelle le Seigneur va r\u00e9v\u00e9ler qu\u2019\u00e9tant enfant, j\u2019ai \u00e9t\u00e9 victime de rituels occultes. La dissociation est un ph\u00e9nom\u00e8ne connu en psychologie. Pour faire face \u00e0 ce traumatisme, et pour pouvoir vivre, je me suis dissoci\u00e9, s\u00e9par\u00e9 d\u2019une partie de moi-m\u00eame et j\u2019ai \u00ab oubli\u00e9 \u00bb ces traumatismes. Le Seigneur n\u2019a pas oubli\u00e9 et est intervenu pour restaurer l\u2019int\u00e9grit\u00e9 de mon \u00eatre sur les plans spirituel, \u00e9motionnel et physique. J\u00e9sus se r\u00e9v\u00e8le alors tour \u00e0 tour comme le Seigneur qui est vainqueur sur l\u2019ennemi et ses envoy\u00e9s<sub><strong>4<\/strong><\/sub>, et comme le bon berger<strong><sub>5<\/sub><\/strong> qui panse ses brebis. Il me conduit de lib\u00e9ration en lib\u00e9ration. Si le voleur est venu pour voler, tuer et d\u00e9truire, J\u00e9sus est venu pour d\u00e9truire ses oeuvres<strong><sub>6<\/sub><\/strong>. D\u2019un seul coup, le monde invisible, le combat spirituel prennent une dimension moins th\u00e9orique et beaucoup plus pratique et personnelle. Le salut s\u2019applique \u00e0 ma vie. Le bon berger restaure mon \u00e2me et me conduit pr\u00e8s des eaux paisibles<strong><sub>7<\/sub><\/strong>. <\/span><\/span><\/span><\/p>\n<p style=\"text-align: justify;\" align=\"LEFT\">\u00a0<\/p>\n<p style=\"text-align: justify;\" align=\"LEFT\">\u00a0<\/p>\n<h2 style=\"text-align: justify;\" align=\"LEFT\"><em>LE PARDON, UNE CLEF ESSENTIELLE<\/em><\/h2>\n<p style=\"text-align: justify;\" align=\"LEFT\">\u00a0<\/p>\n<p style=\"text-align: justify;\" align=\"LEFT\"><span style=\"color: #000000;\"><span style=\"font-family: Arial, sans-serif;\"><span style=\"font-size: small;\">Au fur et \u00e0 mesure des rencontres, j\u2019ai des choix \u00e0 faire. Des pardons \u00e0 donner envers ceux qui m\u2019ont offens\u00e9. Des pardons \u00e0 demander pour tous les m\u00e9canismes mis en place pour me prot\u00e9ger et qui tiennent Dieu, les autres et une partie de moi-m\u00eame loin de moi. Au d\u00e9tour d\u2019un pardon, d\u2019une pri\u00e8re, les d\u00e9mons peuvent se manifester, mais ils perdent du terrain et doivent partir. En chemin, je retrouve non seulement ma sant\u00e9 spirituelle et \u00e9motionnelle mais aussi physique. Ma lecture de certains textes de l\u2019\u00c9vangile s\u2019\u00e9claire. Que s\u2019\u00e9tait-il pass\u00e9 dans la vie de la femme infirme \u00ab <i>il y a 18 ans <\/i>\u00bb et que J\u00e9sus d\u00e9lie<strong><sub>8<\/sub><\/strong> ? \u00c9tait-elle en bonne sant\u00e9 auparavant ? L\u2019exp\u00e9rience de ces derni\u00e8res ann\u00e9es m\u2019indique qu\u2019effectivement un lien spirituel peut emp\u00eacher une partie de mon corps de bien fonctionner. Par moment, je pouvais avoir des douleurs fulgurantes qui me traversaient le pied. La radiographie n\u2019indiquait aucun probl\u00e8me, le m\u00e9decin n\u2019avait pas d\u2019explication \u00e0 donner. Un jour, alors qu\u2019une telle douleur me traverse, je prie : \u00ab Au nom de J\u00e9sus, arr\u00eate ! \u00bb La douleur s\u2019arr\u00eate alors imm\u00e9diatement ! Interpell\u00e9, j\u2019ai ensuite compris l\u2019origine de ces douleurs. <\/span><\/span><\/span><\/p>\n<p style=\"text-align: justify;\" align=\"LEFT\">\u00a0<\/p>\n<p style=\"text-align: justify;\" align=\"LEFT\">\u00a0<\/p>\n<h2 align=\"LEFT\"><em>CHOISIR LA GU\u00c9RISON<\/em><\/h2>\n<p style=\"text-align: justify;\" align=\"LEFT\">\u00a0<\/p>\n<p style=\"text-align: justify;\" align=\"LEFT\"><span style=\"color: #000000;\"><span style=\"font-family: Arial, sans-serif;\"><span style=\"font-size: small;\">On imagine le d\u00e9sarroi, les questionnements, les doutes alors que le Seigneur commence \u00e0 r\u00e9v\u00e9ler une telle situation. Au cours des rencontres de pri\u00e8re, et au fur et \u00e0 mesure que le d\u00e9tail des rites qui m\u2019ont \u00e9t\u00e9 inflig\u00e9s vient \u00e0 la lumi\u00e8re du Seigneur, c\u2019est une succession d\u2019\u00e9motions intenses enfouies qui se font jour : peurs, d\u00e9sespoir, d\u00e9tresse, angoisses, sentiment extr\u00eame d\u2019abandon. Je me retrouve \u00e0 battre un oreiller des poings pendant 30 minutes en criant ma col\u00e8re et ma rage. Je ressens l\u2019angoisse et la peur, je pleure, je crie. Dieu est l\u00e0<strong><sub>9<\/sub><\/strong>, il me console. Ces rencontres sont aussi des temps d\u2019acceptation. Comment un Dieu saint, puissant et juste a-t-il pu permettre cela ? Comment ce Dieu dont je d\u00e9couvre l\u2019autorit\u00e9 et la puissance, qui est en train de me lib\u00e9rer, de me gu\u00e9rir, permet-il de telles horreurs ? Nous sommes dans un monde affect\u00e9 par la chute. Les hommes font des choix qui ne sont pas selon Dieu. Il faut choisir d\u2019accepter. Accepter aussi que mes parents, ceux qui devaient veiller sur moi, n\u2019ont pas pu, n\u2019ont pas su le faire parfaitement. Ainsi, \u00e0 cause de ces blessures, il faut apprendre \u00e0 faire confiance, \u00e0 croire. Croire quoi ? D\u2019abord que le d\u00e9sir du coeur de Dieu est effectivement de gu\u00e9rir, pas seulement gu\u00e9rir les autres mais moi aussi. Effectivement, lorsqu\u2019on a \u00e9t\u00e9 abus\u00e9 de la sorte, comment croire que Dieu a r\u00e9ellement compassion &#8211; pas seulement sur le plan th\u00e9orique. Ce qu\u2019il faut, c\u2019est recevoir personnellement sa compassion. Miracle de la pr\u00e9sence de Dieu : le fait de s\u2019approcher de Dieu, de choisir de croire la v\u00e9rit\u00e9, tremblant et ouvert, permet de d\u00e9couvrir qu\u2019il s\u2019approche de moi<strong><sub>10<\/sub><\/strong>. Il m\u2019accompagne et me montre qu\u2019il est pour moi<strong><sub>11<\/sub><\/strong>. Ma part, c\u2019est de saisir la main du bon berger. C\u2019est donc choisir toujours \u00e0 nouveau de recevoir de Dieu la gu\u00e9rison, choisir de faire confiance aux fr\u00e8res qui prient pour moi, de me d\u00e9voiler dans mes souffrances, de faire confiance \u00e0 Dieu, le laisser enlever les t\u00e9n\u00e8bres et appliquer son baume. <\/span><\/span><\/span><\/p>\n<p style=\"text-align: justify;\" align=\"LEFT\">\u00a0<\/p>\n<p style=\"text-align: justify;\" align=\"LEFT\">\u00a0<\/p>\n<h2 align=\"LEFT\"><em>PATIENCE<\/em><\/h2>\n<p style=\"text-align: justify;\" align=\"LEFT\">\u00a0<\/p>\n<p style=\"text-align: justify;\" align=\"LEFT\"><span style=\"color: #000000;\"><span style=\"font-family: Arial, sans-serif;\"><span style=\"font-size: small;\">Tr\u00e8s t\u00f4t dans cette d\u00e9marche, une soeur m\u2019a encourag\u00e9 en citant <span style=\"background-color: #ccffff;\"><em>Philippiens 1.6 : <\/em><\/span><i><span style=\"background-color: #ccffff;\">Celui qui a commenc\u00e9 en vous son oeuvre bonne la poursuivra jusqu\u2019\u00e0 son ach\u00e8vement au jour de J\u00e9sus-Christ<\/span>. <\/i>Ce texte m\u2019est souvent revenu pendant le p\u00e9riple des derni\u00e8res ann\u00e9es. Tant pour m\u2019encourager que pour m\u2019inviter \u00e0 pers\u00e9v\u00e9rer \u00e0 chercher le Seigneur. Celui-ci est toujours au rendez-vous. Je n\u2019ai pas encore vu aujourd\u2019hui la gu\u00e9rison physique de mon dos, mais je poursuis ma course et peux t\u00e9moigner aujourd\u2019hui du chemin parcouru et de tout ce que j\u2019y ai appris. Ainsi je prends conscience de la port\u00e9e du discours inaugural du minist\u00e8re du Seigneur<sub><strong>12<\/strong><\/sub> : <em><span style=\"background-color: #ccffff;\">L\u2019Esprit du Seigneur est sur moi parce qu\u2019il m\u2019a oint pour\u2026 gu\u00e9rir les coeurs bris\u00e9s\u2026, proclamer aux captifs la d\u00e9livrance\u2026, renvoyer libre les opprim\u00e9s<\/span><\/em><i>. <\/i>Ce texte proclame qu\u2019au coeur de l\u2019\u00c9vangile, il y a la puissance lib\u00e9ratrice de J\u00e9sus. Que le Seigneur nous accorde une compr\u00e9hension renouvel\u00e9e de son autorit\u00e9 pour gu\u00e9rir et lib\u00e9rer. C\u2019est, je le crois, l\u2019invitation qui nous est donn\u00e9e par J\u00e9sus<strong><sub>13<\/sub><\/strong>. <\/span><\/span><\/span><\/p>\n<p align=\"LEFT\">\u00a0<\/p>\n<h1 style=\"text-align: center;\" align=\"LEFT\">\u00a0<\/h1>\n<h3 style=\"text-align: center;\" align=\"LEFT\">En voyage, le chemin suivi est aussi important que la destination.<\/h3>\n<hr \/>\n<p align=\"LEFT\">NOTES<\/p>\n<p align=\"LEFT\">\u00a0<\/p>\n<p align=\"LEFT\"><span style=\"color: #000000;\"><span style=\"font-family: Arial, sans-serif;\"><span style=\"font-size: small;\"><strong>1.<\/strong> L\u2019auteur a souhait\u00e9 prendre un pseudonyme. <\/span><\/span><\/span><\/p>\n<p align=\"LEFT\">\u00a0<\/p>\n<p align=\"LEFT\"><span style=\"color: #000000;\"><span style=\"font-family: Arial, sans-serif;\"><span style=\"font-size: small;\"><strong>2.<\/strong> \u00c9ph\u00e9siens 4.27 <\/span><\/span><\/span><\/p>\n<p align=\"LEFT\">\u00a0<\/p>\n<p align=\"LEFT\"><span style=\"color: #000000;\"><span style=\"font-family: Arial, sans-serif;\"><span style=\"font-size: small;\"><strong>3.<\/strong> Luc 10.17 <\/span><\/span><\/span><\/p>\n<p align=\"LEFT\">\u00a0<\/p>\n<p align=\"LEFT\"><span style=\"color: #000000;\"><span style=\"font-family: Arial, sans-serif;\"><span style=\"font-size: small;\"><strong>4.<\/strong> H\u00e9breux 2.14-15 ; Colossiens 2.15 <\/span><\/span><\/span><\/p>\n<p align=\"LEFT\">\u00a0<\/p>\n<p align=\"LEFT\"><span style=\"color: #000000;\"><span style=\"font-family: Arial, sans-serif;\"><span style=\"font-size: small;\"><strong>5.<\/strong> Jean 10.11 <\/span><\/span><\/span><\/p>\n<p align=\"LEFT\">\u00a0<\/p>\n<p align=\"LEFT\"><span style=\"color: #000000;\"><span style=\"font-family: Arial, sans-serif;\"><span style=\"font-size: small;\"><strong>6.<\/strong> 1 Jean 3.8 <\/span><\/span><\/span><\/p>\n<p align=\"LEFT\">\u00a0<\/p>\n<p align=\"LEFT\"><span style=\"color: #000000;\"><span style=\"font-family: Arial, sans-serif;\"><span style=\"font-size: small;\"><strong>7.<\/strong> Psaume 23.2 <\/span><\/span><\/span><\/p>\n<p align=\"LEFT\">\u00a0<\/p>\n<p align=\"LEFT\"><span style=\"color: #000000;\"><span style=\"font-family: Arial, sans-serif;\"><span style=\"font-size: small;\"><strong>8.<\/strong> Luc 13.11-12 <\/span><\/span><\/span><\/p>\n<p align=\"LEFT\">\u00a0<\/p>\n<p align=\"LEFT\"><span style=\"color: #000000;\"><span style=\"font-family: Arial, sans-serif;\"><span style=\"font-size: small;\"><strong>9.<\/strong> Psaume 54.5-6 <\/span><\/span><\/span><\/p>\n<p align=\"LEFT\">\u00a0<\/p>\n<p align=\"LEFT\"><span style=\"color: #000000;\"><span style=\"font-family: Arial, sans-serif;\"><span style=\"font-size: small;\"><strong>10.<\/strong> Jacques 4.7-8 <\/span><\/span><\/span><\/p>\n<p align=\"LEFT\">\u00a0<\/p>\n<p align=\"LEFT\"><span style=\"color: #000000;\"><span style=\"font-family: Arial, sans-serif;\"><span style=\"font-size: small;\"><strong>11.<\/strong> Psaume 68.2, 6, 7 <\/span><\/span><\/span><\/p>\n<p align=\"LEFT\">\u00a0<\/p>\n<p align=\"LEFT\"><span style=\"color: #000000;\"><span style=\"font-family: Arial, sans-serif;\"><span style=\"font-size: small;\"><strong>12.<\/strong> Luc 4.18-19 <\/span><\/span><\/span><\/p>\n<p align=\"LEFT\">\u00a0<\/p>\n<p align=\"LEFT\"><span style=\"color: #000000;\"><span style=\"font-family: Arial, sans-serif;\"><span style=\"font-size: small;\"><strong>13.<\/strong> Matthieu 28.18-20 <\/span><\/span><\/span><\/p>\n<p style=\"text-align: justify;\">\u00a0<\/p>\n<p>&nbsp;<\/p>\n<p>&nbsp;<\/p>\n<p>&nbsp;<\/p>\n<p>&nbsp;<\/p>\n","protected":false},"excerpt":{"rendered":"<p>La gu\u00e9rison, un processus \u00a0 qui peut durer\u2026 &nbsp; &nbsp; PHOTO : Mphotographe &nbsp; Par Patrick Domascio1 &nbsp; Pour moi, m\u2019approcher de Dieu, c\u2019est mon bien. (Ps 73.28) \u00a0 Un faux mouvement un matin en s\u2019habillant et c\u2019est le lumbago\u2026 Ce n\u2019est pas la premi\u00e8re fois, cela se remettra\u2026 Sauf que, cette fois-ci, \u00e7a dure. [&hellip;]<\/p>\n","protected":false},"author":330,"featured_media":0,"comment_status":"closed","ping_status":"closed","sticky":false,"template":"","format":"standard","meta":{"footnotes":""},"categories":[87,82,73,35,88,33],"tags":[],"class_list":["post-9596","post","type-post","status-publish","format-standard","hentry","category-combat-spirituel","category-liberation","category-pardon","category-la-priere","category-souffrance","category-temoignages"],"_links":{"self":[{"href":"https:\/\/www.servir.caef.net\/index.php?rest_route=\/wp\/v2\/posts\/9596","targetHints":{"allow":["GET"]}}],"collection":[{"href":"https:\/\/www.servir.caef.net\/index.php?rest_route=\/wp\/v2\/posts"}],"about":[{"href":"https:\/\/www.servir.caef.net\/index.php?rest_route=\/wp\/v2\/types\/post"}],"author":[{"embeddable":true,"href":"https:\/\/www.servir.caef.net\/index.php?rest_route=\/wp\/v2\/users\/330"}],"replies":[{"embeddable":true,"href":"https:\/\/www.servir.caef.net\/index.php?rest_route=%2Fwp%2Fv2%2Fcomments&post=9596"}],"version-history":[{"count":0,"href":"https:\/\/www.servir.caef.net\/index.php?rest_route=\/wp\/v2\/posts\/9596\/revisions"}],"wp:attachment":[{"href":"https:\/\/www.servir.caef.net\/index.php?rest_route=%2Fwp%2Fv2%2Fmedia&parent=9596"}],"wp:term":[{"taxonomy":"category","embeddable":true,"href":"https:\/\/www.servir.caef.net\/index.php?rest_route=%2Fwp%2Fv2%2Fcategories&post=9596"},{"taxonomy":"post_tag","embeddable":true,"href":"https:\/\/www.servir.caef.net\/index.php?rest_route=%2Fwp%2Fv2%2Ftags&post=9596"}],"curies":[{"name":"wp","href":"https:\/\/api.w.org\/{rel}","templated":true}]}}