{"id":9621,"date":"2015-04-22T09:27:49","date_gmt":"2015-04-22T09:27:49","guid":{"rendered":"\/?p=9621"},"modified":"2016-11-22T09:53:28","modified_gmt":"2016-11-22T09:53:28","slug":"nouvelles-des-caef-les-eglises-caef-de-guyane","status":"publish","type":"post","link":"https:\/\/www.servir.caef.net\/?p=9621","title":{"rendered":"Nouvelles des CAEF &#8211; Les \u00c9glises CAEF de Guyane"},"content":{"rendered":"<h1 style=\"text-align: center;\"><img loading=\"lazy\" decoding=\"async\" class=\"size-full wp-image-7465 alignleft\" src=\"\/wp-content\/uploads\/2007\/05\/nouvelles-CAEF.jpg\" alt=\"nouvelles-CAEF\" width=\"51\" height=\"624\" hspace=\"10\" \/>Nouvelles des CAEF<\/h1>\n<h1 style=\"text-align: center;\">\u00a0<\/h1>\n<h1 style=\"text-align: center;\">Les \u00c9glises CAEF de Guyane<\/h1>\n<p>&nbsp;<\/p>\n<p style=\"text-align: center;\"><strong><span style=\"color: #800000; font-size: 14pt;\"><span style=\"font-family: Arial;\">Maxime Bolo<\/span><i> <\/i><\/span><\/strong><\/p>\n<p style=\"text-align: center;\">\u00a0<\/p>\n<p><img loading=\"lazy\" decoding=\"async\" class=\"wp-image-9622 aligncenter\" src=\"\/wp-content\/uploads\/2016\/11\/cayenne.jpg\" alt=\"cayenne\" width=\"486\" height=\"361\" srcset=\"https:\/\/www.servir.caef.net\/wp-content\/uploads\/2016\/11\/cayenne.jpg 820w, https:\/\/www.servir.caef.net\/wp-content\/uploads\/2016\/11\/cayenne-300x222.jpg 300w, https:\/\/www.servir.caef.net\/wp-content\/uploads\/2016\/11\/cayenne-768x569.jpg 768w\" sizes=\"auto, (max-width: 486px) 100vw, 486px\" \/><\/p>\n<p style=\"text-align: center;\"><span style=\"color: #4d4d4d; font-size: 10pt;\"><i><span style=\"font-family: Arial;\">S\u00e9minaire avec Yan Newberry le 24 janvier 2015 \u00e0 l\u2019\u00c9glise Chr\u00e9tienne \u00c9vang\u00e9lique de Cayenne.<\/span><\/i><\/span><\/p>\n<p style=\"text-align: justify;\">\u00a0<\/p>\n<p style=\"text-align: justify;\">\u00a0<\/p>\n<h2 align=\"LEFT\"><em>Historique<\/em><\/h2>\n<p style=\"text-align: justify;\" align=\"LEFT\">\u00a0<\/p>\n<p style=\"text-align: justify;\" align=\"LEFT\"><span style=\"font-family: Arial, sans-serif;\"><span style=\"font-size: small;\"><span style=\"color: #000000;\">Le d\u00e9veloppement de l\u2019\u00c9glise \u00e9vang\u00e9lique suit la m\u00eame courbe de croissance que le d\u00e9partement de la Guyane. Et sa diversit\u00e9 \u00e9volue en fonction de l\u2019immigration. <\/span><\/span><\/span><\/p>\n<p style=\"text-align: justify;\" align=\"LEFT\">\u00a0<\/p>\n<p style=\"text-align: justify;\" align=\"LEFT\"><span style=\"font-family: Arial, sans-serif;\"><span style=\"font-size: small;\"><span style=\"color: #000000;\">Au d\u00e9but du XX\u00e8me si\u00e8cle (1930-1950), Mlle Lanica, une Suissesse, est la premi\u00e8re missionnaire qui s\u2019installe en Guyane. Elle est la fondatrice de la \u00ab Maison Emmanuel \u00bb, un \u00e9tablissement faisant office d\u2019orphelinat \u00e0 l\u2019\u00e9tage et d\u2019\u00e9glise au rez-de- chauss\u00e9e. Elle \u00e9l\u00e8ve, avec l\u2019aide de servantes b\u00e9n\u00e9voles locales, des jeunes filles dont les parents travaillent l\u2019or et le bois dans les hauts de la Guyane, ainsi que de jeunes enfants, dont les parents sont pauvres et en difficult\u00e9. Elle est soutenue par la Mission suisse. <\/span><\/span><\/span><\/p>\n<p style=\"text-align: justify;\" align=\"LEFT\">\u00a0<\/p>\n<p style=\"text-align: justify;\" align=\"LEFT\"><span style=\"font-family: Arial, sans-serif;\"><span style=\"font-size: small;\"><span style=\"color: #000000;\">\u00c0 cette \u00e9poque d\u2019apr\u00e8s guerre, le paysage religieux guyanais est domin\u00e9 par le catholicisme, qui se m\u00eale \u00e0 la culture afro-cr\u00e9ole baignant dans un paganisme tr\u00e8s t\u00e9n\u00e9breux. <\/span><\/span><\/span><\/p>\n<p style=\"text-align: justify;\" align=\"LEFT\">\u00a0<\/p>\n<p style=\"text-align: justify;\" align=\"LEFT\"><span style=\"font-family: Arial, sans-serif;\"><span style=\"font-size: small;\"><span style=\"color: #000000;\">Le contexte \u00e9vang\u00e9lique de l\u2019\u00e9poque est donc tr\u00e8s difficile. L\u2019\u00e9vang\u00e9lisation d\u00e9bute r\u00e9ellement par le missionnaire anglo-saxon, M. L<\/span><span style=\"color: #000000;\">arge<\/span><span style=\"color: #000000;\">, mais il est expuls\u00e9 tr\u00e8s rapidement par le gouvernement et le corps eccl\u00e9siastique. <\/span><\/span><\/span><\/p>\n<p style=\"text-align: justify;\" align=\"LEFT\">\u00a0<\/p>\n<p style=\"text-align: justify;\" align=\"LEFT\"><span style=\"font-family: Arial, sans-serif;\"><span style=\"font-size: small;\"><span style=\"color: #000000;\">L\u2019Arm\u00e9e du Salut fran\u00e7aise, constitu\u00e9e d\u2019un petit groupe originaire de Franche-Comt\u00e9 prend le relais. Sa vocation premi\u00e8re est la r\u00e9habilitation sociale des prisonniers du bagne en semi-libert\u00e9 et les rel\u00e9gu\u00e9s de l\u2019Administration p\u00e9nitentiaire. Elle \u00e9vang\u00e9lise dans les h\u00f4pitaux et les prisons. <\/span><\/span><\/span><\/p>\n<p style=\"text-align: justify;\" align=\"LEFT\">\u00a0<\/p>\n<p style=\"text-align: justify;\" align=\"LEFT\"><span style=\"font-family: Arial, sans-serif;\"><span style=\"font-size: small;\"><span style=\"color: #000000;\">D\u2019autres missionnaires arrivent : la famille William Mor\u00eat en provenance de Suisse ; la famille Willi Gyger en provenance des USA s\u2019installent en Guyane \u00e0 la demande de Mlle Lanica afin de lui venir en aide. <\/span><\/span><\/span><\/p>\n<p style=\"text-align: justify;\" align=\"LEFT\">\u00a0<!--more--><\/p>\n<p style=\"text-align: justify;\" align=\"LEFT\">\u00a0<\/p>\n<h2 align=\"LEFT\"><em>L\u2019\u00c9glise au d\u00e9but des ann\u00e9es 1970<\/em><\/h2>\n<p style=\"text-align: justify;\" align=\"LEFT\">\u00a0<\/p>\n<p style=\"text-align: justify;\" align=\"LEFT\"><span style=\"font-family: Arial, sans-serif;\"><span style=\"font-size: small;\"><span style=\"color: #000000;\"><strong><em><a href=\"\/wp-content\/uploads\/2015\/pdf2015\/Servir%202-2015.pdf#page=22\" target=\"_blank\"><img loading=\"lazy\" decoding=\"async\" title=\"iconePDF\" src=\"\/wp-content\/uploads\/2011\/01\/iconePDF.jpg\" alt=\"\" width=\"81\" height=\"76\" align=\"right\" hspace=\"8\" vspace=\"8\" \/><\/a><\/em><\/strong>Au d\u00e9but des ann\u00e9es 70 l\u2019orphelinat avait cess\u00e9 ses activit\u00e9s depuis longtemps. L\u2019oeuvre \u00e9vang\u00e9lique connait un d\u00e9veloppement significatif sur tout le territoire de la Guyane, des Guyanais d\u2019origine se convertissent. Le d\u00e9veloppement du centre spatial \u00e0 Kourou favorise l\u2019installation de personnes venues de m\u00e9tropole et des Antilles avec leurs familles. Et parmi elles il y a des chr\u00e9tiens. Enfin avec l\u2019immigration, des chr\u00e9tiens venus d\u2019ailleurs s\u2019installent. \u00c0 cette \u00e9poque,\u00a0<\/span><i> <\/i><span style=\"color: #000000;\">cinq ou six \u00c9glises \u00e9vang\u00e9liques sont ouvertes \u00e0 Cayenne, et on comptera trois ou quatre autres \u00c9glises sur le reste du d\u00e9partement, notamment dans les communes les moins isol\u00e9es. <\/span><\/span><\/span><\/p>\n<p style=\"text-align: justify;\" align=\"LEFT\">\u00a0<\/p>\n<p style=\"text-align: justify;\" align=\"LEFT\">\u00a0<\/p>\n<h2 align=\"LEFT\"><em>La Guyane aujourd\u2019hui<\/em><\/h2>\n<p style=\"text-align: justify;\" align=\"LEFT\">\u00a0<\/p>\n<p style=\"text-align: justify;\" align=\"LEFT\"><span style=\"font-family: Arial, sans-serif;\"><span style=\"font-size: small;\"><span style=\"color: #000000;\">En ce d\u00e9but 2015, la communaut\u00e9 protestante de Guyane, toutes tendances confondues, repr\u00e9sente environ 8 % \u00e0 10 % de la population guyanaise soit environ 20 000 personnes pour 135 \u00e0 140 \u00c9glises. <\/span><\/span><\/span><\/p>\n<p style=\"text-align: justify;\" align=\"LEFT\">\u00a0<\/p>\n<p style=\"text-align: justify;\" align=\"LEFT\"><span style=\"font-family: Arial, sans-serif;\"><span style=\"font-size: small;\"><span style=\"color: #000000;\">La pastorale protestante locale a recens\u00e9 50 \u00c9glises \u00e0 Cayenne et dans ses environs, 40 \u00c9glises \u00e0 Saint-Laurent du Maroni et Mana deuxi\u00e8me ville du pays, et 25 \u00e0 Kourou, la ville spatiale, etc. <\/span><\/span><\/span><\/p>\n<p style=\"text-align: justify;\" align=\"LEFT\">\u00a0<\/p>\n<p style=\"text-align: justify;\" align=\"LEFT\"><span style=\"font-family: Arial, sans-serif;\"><span style=\"font-size: small;\"><span style=\"color: #000000;\">Les \u00c9glises sont g\u00e9n\u00e9ralement dynamiques et en bonne sant\u00e9. Les \u00c9glises issues de l\u2019immigration, de par leur diversit\u00e9 culturelle am\u00e8nent de la richesse dans le d\u00e9bat th\u00e9ologique. Certaines malheureusement pourraient constituer un danger lorsque le syncr\u00e9tisme a pris trop de place dans la doctrine. <\/span><\/span><\/span><\/p>\n<p style=\"text-align: justify;\" align=\"LEFT\">\u00a0<\/p>\n<p style=\"text-align: justify;\" align=\"LEFT\"><span style=\"font-family: Arial, sans-serif;\"><span style=\"font-size: small;\"><span style=\"color: #000000;\">Trois familles d\u2019\u00c9glises faisant parties des CAEF ont profit\u00e9 du passage de Yan Newberry en Guyane en janvier 2015 pour organiser trois s\u00e9minaires sur la pri\u00e8re. Ces temps forts, qui ont mobilis\u00e9 plus de 150 personnes, ont \u00e9t\u00e9 tr\u00e8s b\u00e9n\u00e9fiques. <\/span><\/span><\/span><\/p>\n<p style=\"text-align: justify;\" align=\"LEFT\">\u00a0<\/p>\n<p style=\"text-align: justify;\" align=\"LEFT\">\u00a0<\/p>\n<h2 align=\"LEFT\"><em>Conclusion<\/em><\/h2>\n<p style=\"text-align: justify;\" align=\"LEFT\">\u00a0<\/p>\n<p style=\"text-align: justify;\" align=\"LEFT\"><span style=\"font-family: Arial, sans-serif;\"><span style=\"font-size: small;\"><span style=\"color: #000000;\">L\u2019historique montre que la gr\u00e2ce de Dieu a atteint le territoire guyanais et des vies sont transform\u00e9es pour la gloire de Dieu. Ce d\u00e9partement quelque peu atypique est encore un champ missionnaire ouvert dans lequel il faut travailler de mieux en mieux et sans rel\u00e2che. <\/span><\/span><\/span><\/p>\n<p style=\"text-align: justify;\" align=\"LEFT\">\u00a0<\/p>\n<table cellpadding=\"5\">\n<tbody>\n<tr>\n<td style=\"border-color: #000000; text-align: center; background-color: #e3df8f;\">\n<p>\u00a0<span style=\"font-family: Arial, sans-serif;\"><span style=\"font-size: small;\"><span style=\"color: #000000;\"><i><strong>Sujets de pri\u00e8re<\/strong> <\/i><\/span><\/span><\/span><\/p>\n<p style=\"text-align: left;\"><span style=\"font-family: Arial, sans-serif;\"><span style=\"font-size: small;\"><span style=\"color: #000000;\">1. Que Dieu envoie des ouvriers dans sa moisson eu Guyane. <\/span><\/span><\/span><\/p>\n<p style=\"text-align: left;\" align=\"LEFT\"><span style=\"font-family: Arial, sans-serif;\"><span style=\"font-size: small;\"><span style=\"color: #000000;\">2. Que Dieu donne aux pasteurs et responsables d\u2019\u00c9glises de rechercher constamment sa volont\u00e9 et l\u2019ex\u00e9cuter. <\/span><\/span><\/span><\/p>\n<p style=\"text-align: left;\" align=\"LEFT\"><span style=\"font-family: Arial, sans-serif;\"><span style=\"font-size: small;\"><span style=\"color: #000000;\">3. Que Dieu sanctifie son \u00c9glise en Guyane. <\/span><\/span><\/span><\/p>\n<\/td>\n<\/tr>\n<\/tbody>\n<\/table>\n<p style=\"text-align: justify;\" align=\"LEFT\"><span style=\"font-family: Arial, sans-serif;\"><span style=\"font-size: small;\"><span style=\"color: #000000;\">\u00a0<\/span><\/span><\/span><\/p>\n<p style=\"text-align: justify;\" align=\"LEFT\">\u00a0<\/p>\n<table cellpadding=\"5\">\n<tbody>\n<tr>\n<td style=\"border-color: #000000; background-color: #bcebe0;\">\u00a0<img loading=\"lazy\" decoding=\"async\" class=\"alignnone  wp-image-9623\" src=\"\/wp-content\/uploads\/2015\/04\/Guyane.jpg\" alt=\"guyane\" width=\"227\" height=\"275\" srcset=\"https:\/\/www.servir.caef.net\/wp-content\/uploads\/2015\/04\/Guyane.jpg 326w, https:\/\/www.servir.caef.net\/wp-content\/uploads\/2015\/04\/Guyane-248x300.jpg 248w\" sizes=\"auto, (max-width: 227px) 100vw, 227px\" \/><\/td>\n<td style=\"border-color: #000000; background-color: #bcebe0;\">\n<p style=\"text-align: justify;\" align=\"LEFT\"><span style=\"font-family: Arial, sans-serif;\"><span style=\"font-size: small;\"><span style=\"color: #000000;\"><strong>CHIFFRES<\/strong> <\/span><\/span><\/span><\/p>\n<p style=\"text-align: justify;\" align=\"LEFT\">\u00a0<\/p>\n<p style=\"text-align: justify;\" align=\"LEFT\"><span style=\"font-family: Arial, sans-serif;\"><span style=\"font-size: small;\"><strong><span style=\"color: #000000;\">Superficie <\/span><\/strong><span style=\"color: #000000;\"><strong>:<\/strong> <\/span><\/span><\/span><\/p>\n<p style=\"text-align: justify;\" align=\"LEFT\"><span style=\"font-family: Arial, sans-serif;\"><span style=\"font-size: small;\"><span style=\"color: #000000;\">86504 km2 soit plus de 16 % de la surface de la France m\u00e9tropolitaine ; 96 % du territoire \u00e9tant couvert par la for\u00eat \u00e9quatoriale. Fronti\u00e8res avec le Br\u00e9sil sur 730 km, le Suriname sur 510 km et 320 km de c\u00f4tes. Fleuves et rivi\u00e8res constituent les principaux axes de circulation <\/span><\/span><\/span><\/p>\n<p style=\"text-align: justify;\" align=\"LEFT\">\u00a0<\/p>\n<p style=\"text-align: justify;\" align=\"LEFT\"><span style=\"font-family: Arial, sans-serif;\"><span style=\"font-size: small;\"><strong><span style=\"color: #000000;\">Population <\/span><\/strong><span style=\"color: #000000;\"><strong>:<\/strong> <\/span><\/span><\/span><\/p>\n<p style=\"text-align: justify;\" align=\"LEFT\"><span style=\"font-family: Arial, sans-serif;\"><span style=\"font-size: small;\"><span style=\"color: #000000;\">Estim\u00e9e \u00e0 250 377 habitants. De nombreuses communaut\u00e9s coexistent aujourd\u2019hui, venant de 80 pays, et on compte une quarantaine de nationalit\u00e9s. Les immigr\u00e9s viennent majoritairement des pays proches dont : Br\u00e9sil, Suriname, Guyana, Ha\u00efti.<\/span><\/span><\/span><\/p>\n<p>\u00a0<\/td>\n<\/tr>\n<\/tbody>\n<\/table>\n","protected":false},"excerpt":{"rendered":"<p>Nouvelles des CAEF \u00a0 Les \u00c9glises CAEF de Guyane &nbsp; Maxime Bolo \u00a0 S\u00e9minaire avec Yan Newberry le 24 janvier 2015 \u00e0 l\u2019\u00c9glise Chr\u00e9tienne \u00c9vang\u00e9lique de Cayenne. \u00a0 \u00a0 Historique \u00a0 Le d\u00e9veloppement de l\u2019\u00c9glise \u00e9vang\u00e9lique suit la m\u00eame courbe de croissance que le d\u00e9partement de la Guyane. Et sa diversit\u00e9 \u00e9volue en fonction de [&hellip;]<\/p>\n","protected":false},"author":27,"featured_media":0,"comment_status":"closed","ping_status":"closed","sticky":false,"template":"","format":"standard","meta":{"footnotes":""},"categories":[3,12,8],"tags":[],"class_list":["post-9621","post","type-post","status-publish","format-standard","hentry","category-caef","category-eglise-et-mission","category-evangelisation"],"_links":{"self":[{"href":"https:\/\/www.servir.caef.net\/index.php?rest_route=\/wp\/v2\/posts\/9621","targetHints":{"allow":["GET"]}}],"collection":[{"href":"https:\/\/www.servir.caef.net\/index.php?rest_route=\/wp\/v2\/posts"}],"about":[{"href":"https:\/\/www.servir.caef.net\/index.php?rest_route=\/wp\/v2\/types\/post"}],"author":[{"embeddable":true,"href":"https:\/\/www.servir.caef.net\/index.php?rest_route=\/wp\/v2\/users\/27"}],"replies":[{"embeddable":true,"href":"https:\/\/www.servir.caef.net\/index.php?rest_route=%2Fwp%2Fv2%2Fcomments&post=9621"}],"version-history":[{"count":0,"href":"https:\/\/www.servir.caef.net\/index.php?rest_route=\/wp\/v2\/posts\/9621\/revisions"}],"wp:attachment":[{"href":"https:\/\/www.servir.caef.net\/index.php?rest_route=%2Fwp%2Fv2%2Fmedia&parent=9621"}],"wp:term":[{"taxonomy":"category","embeddable":true,"href":"https:\/\/www.servir.caef.net\/index.php?rest_route=%2Fwp%2Fv2%2Fcategories&post=9621"},{"taxonomy":"post_tag","embeddable":true,"href":"https:\/\/www.servir.caef.net\/index.php?rest_route=%2Fwp%2Fv2%2Ftags&post=9621"}],"curies":[{"name":"wp","href":"https:\/\/api.w.org\/{rel}","templated":true}]}}