{"id":965,"date":"2008-05-07T14:03:43","date_gmt":"2008-05-07T14:03:43","guid":{"rendered":"\/?p=965"},"modified":"2016-11-23T08:34:33","modified_gmt":"2016-11-23T08:34:33","slug":"l%e2%80%99ecologie-la-nature-et-moi-%e2%80%93-bibliographie","status":"publish","type":"post","link":"https:\/\/www.servir.caef.net\/?p=965","title":{"rendered":"L\u2019Ecologie, la nature et moi \u2013 Bibliographie"},"content":{"rendered":"<h1 style=\"text-align: center;\">L\u2019Ecologie, la nature et moi<\/h1>\n<p>&nbsp;<\/p>\n<p><a href=\"\/wp-content\/uploads\/2012\/11\/bibliographie.jpg\"><img loading=\"lazy\" decoding=\"async\" class=\" size-full wp-image-7948 aligncenter\" src=\"\/wp-content\/uploads\/2012\/11\/bibliographie.jpg\" alt=\"bibliographie\" width=\"642\" height=\"114\" srcset=\"https:\/\/www.servir.caef.net\/wp-content\/uploads\/2012\/11\/bibliographie.jpg 642w, https:\/\/www.servir.caef.net\/wp-content\/uploads\/2012\/11\/bibliographie-300x53.jpg 300w\" sizes=\"auto, (max-width: 642px) 100vw, 642px\" \/><\/a><\/p>\n<p>&nbsp;<\/p>\n<h2>Livres chr\u00e9tiens :<\/h2>\n<p align=\"JUSTIFY\">\u00a0<\/p>\n<p>&nbsp;<\/p>\n<p align=\"JUSTIFY\">\u00a0<\/p>\n<p align=\"JUSTIFY\">BATCHELOR Peter, <strong>La Terre en Partage, pour un d\u00e9veloppement \u00e0 la mesure de l&rsquo;homme<\/strong>, SCAR, Belgique, 1983.<\/p>\n<p align=\"JUSTIFY\">\u00a0<\/p>\n<p align=\"JUSTIFY\">BAUDIN Fr\u00e9d\u00e9ric, <strong>D&rsquo;un jardin \u00e0 l&rsquo;autre<\/strong>, CEM, Aix-en-Provence, 2006.<\/p>\n<p align=\"JUSTIFY\">\u00a0<\/p>\n<p align=\"JUSTIFY\">BAUDIN Fr\u00e9d\u00e9ric, <strong>Dieu est-Il vert ?<\/strong>, Croire Pocket, Paris, 2007.<\/p>\n<p align=\"JUSTIFY\"><!--more--><\/p>\n<p align=\"JUSTIFY\"><a href=\"\/wp-content\/uploads\/2008\/pdf2008\/2008_03_25_bibliographie-sur-lecologie.pdf\" target=\"_blank\"><img loading=\"lazy\" decoding=\"async\" title=\"iconePDF\" src=\"\/wp-content\/uploads\/2011\/01\/iconePDF.jpg\" alt=\"\" width=\"81\" height=\"76\" align=\"right\" hspace=\"8\" vspace=\"8\" \/><\/a>BLOCHER Henri, <strong>R\u00e9v\u00e9lation des origine<\/strong>s, Presses Bibliques Universitaires, Hokhma, Suisse, 1979.<\/p>\n<p align=\"JUSTIFY\">\u00a0<\/p>\n<p align=\"JUSTIFY\">BRIEND Jacques, CAUBET Annie &amp; POUYSSEGUR Patrick, <strong>Le Louvre et la Bible,<\/strong> Bayard, Paris, 2004.<\/p>\n<p align=\"JUSTIFY\">\u00a0<\/p>\n<p align=\"JUSTIFY\">COLLECTIF, DE WITT Calvin B. r\u00e9dacteur, <strong>L&rsquo;Environnement et le chr\u00e9tien<\/strong>, La Clairi\u00e8re, Sentier, Qu\u00e9bec, Canada, 1995.<\/p>\n<p align=\"JUSTIFY\">\u00a0<\/p>\n<p align=\"JUSTIFY\">COMMISSION de la D\u00e9fense de la nature des Eglises de la Confession d&rsquo;Augsbourg et R\u00e9form\u00e9e d&rsquo;Alsace et de Lorraine, <strong>Nature menac\u00e9e et responsabilit\u00e9 chr\u00e9tienne<\/strong>, Oberlin, Strasbourg, 1979.<\/p>\n<p align=\"JUSTIFY\">\u00a0<\/p>\n<p align=\"JUSTIFY\">DOUMA J., <strong>Bible et \u00e9cologie<\/strong>,<\/p>\n<p align=\"JUSTIFY\">\u00a0<\/p>\n<p align=\"JUSTIFY\">Kerygma, Synapse \u00e9thique n\u00b04, Aix-en-Provence, 1991. EISENBERG Josy &amp; ABECASSIS Armand, <strong>Et Dieu cr\u00e9a Eve<\/strong>, A Bible ouverte II, Pr\u00e9sences du Juda\u00efsme, Albin Michel, Paris, 1979.<\/p>\n<p align=\"JUSTIFY\">\u00a0<\/p>\n<p align=\"JUSTIFY\">FRANZONI Jean-Baptiste, <strong>La Terre appartient \u00e0 Dieu<\/strong>, Le Centurion, Paris, 1973.<\/p>\n<p align=\"JUSTIFY\">\u00a0<\/p>\n<p align=\"JUSTIFY\">HUMBERT Jean, <strong>Cr\u00e9ation Evolution : faut-il trancher ?<\/strong>, SatorOpinions, 1989.<\/p>\n<p align=\"JUSTIFY\">\u00a0<\/p>\n<p align=\"JUSTIFY\">KREITMANN J., <strong>Le Probl\u00e8me du pain, de la paix et de la libert\u00e9 dans le monde<\/strong>, Le Phare, Flavion, Belgique, 1983.<\/p>\n<p align=\"JUSTIFY\">\u00a0<\/p>\n<p align=\"JUSTIFY\">KUEN Alfred, <strong>Le Labyrinthe des origines<\/strong>, Emma\u00fcs, 2005.<\/p>\n<p align=\"JUSTIFY\">\u00a0<\/p>\n<p align=\"JUSTIFY\">SCHAEFFER Francis A., <strong>La Pollution et la mort de l&rsquo;homme<\/strong>, Ligue pour la Lecture de la Bible, Guebwiller France, 1974.<\/p>\n<p align=\"JUSTIFY\">\u00a0<\/p>\n<p align=\"JUSTIFY\">TOURNAY Raymond Jacques &amp; SHAFFER Aaron, <strong>L&rsquo;Epop\u00e9e de Gilgamesh<\/strong>, CERF, Paris, 2007.<\/p>\n<p align=\"JUSTIFY\">\u00a0<\/p>\n<p align=\"JUSTIFY\">VON RAD Gerhard, <strong>La Gen\u00e8se<\/strong>, Labor et Fides, Suisse, 1949.<\/p>\n<p align=\"JUSTIFY\">\u00a0<\/p>\n<p align=\"JUSTIFY\"><span lang=\"de-DE\">VON WEIZSACKER Cari Friedrich, <strong>Le <\/strong><\/span><strong>Temps presse<\/strong>, CERF, Paris, 1987.<\/p>\n<p align=\"JUSTIFY\">\u00a0<\/p>\n<p align=\"JUSTIFY\">WRIGHT Christopher J.H, <strong>L&rsquo;Ethique<\/strong>, <strong>L&rsquo;Ancien Testament<\/strong>, Excelsis, France, 2007.<\/p>\n<p align=\"JUSTIFY\">\u00a0<\/p>\n<p align=\"JUSTIFY\">\u00a0<\/p>\n<h2>Livres non-chr\u00e9tiens :<\/h2>\n<p align=\"JUSTIFY\">\u00a0<\/p>\n<p align=\"JUSTIFY\">ARDANT Gabriel, <strong>Plan de lutte contre la faim<\/strong>, Presses universitaires de France, Paris, 1964.<\/p>\n<p align=\"JUSTIFY\">\u00a0<\/p>\n<p align=\"JUSTIFY\">AUJOULAT Louis-Paul, <strong>Sant\u00e9 et d\u00e9veloppement en Afrique<\/strong>, Armand Colin, Paris, 1969.<\/p>\n<p align=\"JUSTIFY\">\u00a0<\/p>\n<p align=\"JUSTIFY\">DELAUNAY Janine,<strong> Halte \u00e0 la croissance<\/strong>, Fayard, Ecologie, 1972.<\/p>\n<p align=\"JUSTIFY\">\u00a0<\/p>\n<p align=\"JUSTIFY\">DUBOS Ren\u00e9, <strong>Les Dieux de l&rsquo;\u00e9cologie<\/strong>, Fayard, Ecologie, 1973.<\/p>\n<p align=\"JUSTIFY\">\u00a0<\/p>\n<p align=\"JUSTIFY\">DUMONT Ren\u00e9, <strong>Agronome de la faim<\/strong>. Hachette, Club pour vous, Paris, 1974.<\/p>\n<p align=\"JUSTIFY\">\u00a0<\/p>\n<p align=\"JUSTIFY\">LADURIE Le Roy, <strong>Histoire du climat depuis l&rsquo;an mil (volumes 1 &amp; 2)<\/strong>, Flammarion, Champs, Paris, 1983.<\/p>\n<p align=\"JUSTIFY\">\u00a0<\/p>\n<p align=\"JUSTIFY\">MEYER Fran\u00e7ois,<strong> La Surchauffe de la croissance<\/strong>, Fayard, Ecologie, 1974.<\/p>\n<p align=\"JUSTIFY\">\u00a0<\/p>\n<p align=\"JUSTIFY\">SCHUMACHER E.F, <strong>Small is beautiful &#8211; Une soci\u00e9t\u00e9 \u00e0 la mesure de l&rsquo;homme<\/strong>, Points,\u00a0 1978.<\/p>\n<p align=\"JUSTIFY\">\u00a0<\/p>\n<p align=\"JUSTIFY\">WARD Barbara et DUBOS Ren\u00e9,<strong> Nous n&rsquo;avons qu&rsquo;une Terre<\/strong>, J&rsquo;ai lu, Paris, 1972.<\/p>\n<p align=\"JUSTIFY\">\u00a0<\/p>\n<p align=\"JUSTIFY\">\u00a0<\/p>\n<h2>Revues chr\u00e9tiennes :<\/h2>\n<p align=\"JUSTIFY\">\u00a0<\/p>\n<p align=\"JUSTIFY\"><em>Perspectives missionnaires<\/em>, 24\/1992.<\/p>\n<p align=\"JUSTIFY\">\u00a0<\/p>\n<p align=\"JUSTIFY\"><em>La Revue R\u00e9form\u00e9e<\/em>, Justice, paix et sau\u00advegarde de la cr\u00e9ation N\u00b0 157-1988\/5, Novembre 1988 Tome XXXIX.<\/p>\n<p align=\"JUSTIFY\">\u00a0<\/p>\n<p align=\"JUSTIFY\"><em>La Revue R\u00e9form\u00e9e<\/em>, L&rsquo;Ecologie,<\/p>\n<p align=\"JUSTIFY\">\u00a0<\/p>\n<p align=\"JUSTIFY\"><em>Sauvegarde de la Cr\u00e9ation<\/em> N\u00b0 169-1991\/3, Juin 1991 Tome XLII.<\/p>\n","protected":false},"excerpt":{"rendered":"<p>L\u2019Ecologie, la nature et moi &nbsp; &nbsp; Livres chr\u00e9tiens : \u00a0 &nbsp; \u00a0 BATCHELOR Peter, La Terre en Partage, pour un d\u00e9veloppement \u00e0 la mesure de l&rsquo;homme, SCAR, Belgique, 1983. \u00a0 BAUDIN Fr\u00e9d\u00e9ric, D&rsquo;un jardin \u00e0 l&rsquo;autre, CEM, Aix-en-Provence, 2006. \u00a0 BAUDIN Fr\u00e9d\u00e9ric, Dieu est-Il vert ?, Croire Pocket, Paris, 2007.<\/p>\n","protected":false},"author":10,"featured_media":0,"comment_status":"closed","ping_status":"closed","sticky":false,"template":"","format":"standard","meta":{"footnotes":""},"categories":[43,30,21],"tags":[],"class_list":["post-965","post","type-post","status-publish","format-standard","hentry","category-la-creation","category-notes-de-lecture","category-ethique"],"_links":{"self":[{"href":"https:\/\/www.servir.caef.net\/index.php?rest_route=\/wp\/v2\/posts\/965","targetHints":{"allow":["GET"]}}],"collection":[{"href":"https:\/\/www.servir.caef.net\/index.php?rest_route=\/wp\/v2\/posts"}],"about":[{"href":"https:\/\/www.servir.caef.net\/index.php?rest_route=\/wp\/v2\/types\/post"}],"author":[{"embeddable":true,"href":"https:\/\/www.servir.caef.net\/index.php?rest_route=\/wp\/v2\/users\/10"}],"replies":[{"embeddable":true,"href":"https:\/\/www.servir.caef.net\/index.php?rest_route=%2Fwp%2Fv2%2Fcomments&post=965"}],"version-history":[{"count":0,"href":"https:\/\/www.servir.caef.net\/index.php?rest_route=\/wp\/v2\/posts\/965\/revisions"}],"wp:attachment":[{"href":"https:\/\/www.servir.caef.net\/index.php?rest_route=%2Fwp%2Fv2%2Fmedia&parent=965"}],"wp:term":[{"taxonomy":"category","embeddable":true,"href":"https:\/\/www.servir.caef.net\/index.php?rest_route=%2Fwp%2Fv2%2Fcategories&post=965"},{"taxonomy":"post_tag","embeddable":true,"href":"https:\/\/www.servir.caef.net\/index.php?rest_route=%2Fwp%2Fv2%2Ftags&post=965"}],"curies":[{"name":"wp","href":"https:\/\/api.w.org\/{rel}","templated":true}]}}