{"id":9688,"date":"2016-01-30T14:18:24","date_gmt":"2016-01-30T14:18:24","guid":{"rendered":"\/?p=9688"},"modified":"2016-11-30T14:45:35","modified_gmt":"2016-11-30T14:45:35","slug":"la-loi-et-le-peche","status":"publish","type":"post","link":"https:\/\/www.servir.caef.net\/?p=9688","title":{"rendered":"La loi et le p\u00e9ch\u00e9"},"content":{"rendered":"<h1 style=\"text-align: center;\">La loi et le p\u00e9ch\u00e9<\/h1>\n<p>&nbsp;<\/p>\n<h3 style=\"text-align: center;\">\u00a0<\/h3>\n<p>&nbsp;<\/p>\n<p><span style=\"color: #800000; font-size: 14pt;\"><strong>Par Thierry Seewald<\/strong><\/span><\/p>\n<p>&nbsp;<\/p>\n<p><img loading=\"lazy\" decoding=\"async\" class=\"size-full wp-image-8640 alignleft\" src=\"\/wp-content\/uploads\/2014\/07\/seewald.jpg\" alt=\"seewald\" width=\"111\" height=\"146\" hspace=\"10\" vspace=\"10\" \/><\/p>\n<p align=\"LEFT\">\u00a0<\/p>\n<p align=\"LEFT\">\u00a0<\/p>\n<p style=\"text-align: justify;\" align=\"LEFT\"><span style=\"font-family: Arial, sans-serif;\"><span style=\"font-size: small;\"><span style=\"color: #1b1c20;\"><b>\u00a0<\/b><\/span><\/span><\/span><\/p>\n<p style=\"text-align: justify;\" align=\"LEFT\">\u00a0<\/p>\n<p style=\"text-align: justify;\" align=\"LEFT\">\u00a0<\/p>\n<p style=\"text-align: justify;\" align=\"LEFT\">\u00a0<\/p>\n<p style=\"text-align: justify;\" align=\"LEFT\">\u00a0<\/p>\n<p style=\"text-align: justify;\" align=\"LEFT\">\u00a0<\/p>\n<p style=\"text-align: justify;\" align=\"LEFT\">\u00a0<\/p>\n<p style=\"text-align: justify;\" align=\"LEFT\">\u00a0<\/p>\n<h2 align=\"LEFT\"><em>La loi, institu\u00e9e par Dieu pour mettre le p\u00e9ch\u00e9 en lumi\u00e8re<\/em><\/h2>\n<p style=\"text-align: justify;\" align=\"LEFT\">\u00a0<\/p>\n<p style=\"text-align: justify;\" align=\"LEFT\"><span style=\"font-family: Arial, sans-serif;\"><span style=\"font-size: small;\"><span style=\"color: #1b1c20;\">Depuis la d\u00e9sob\u00e9issance d\u2019Adam, le p\u00e9ch\u00e9 et la mort manifestent leur pouvoir dans ce monde. Et Dieu a donn\u00e9 la loi \u00e0 Mo\u00efse, afin que le p\u00e9ch\u00e9 puisse \u00eatre pris en compte (<em><span style=\"background-color: #ccffff;\">Rm 5.13<\/span> <\/em>; cf. <em><span style=\"background-color: #ccffff;\">4.15<\/span><\/em>). <\/span><\/span><\/span><\/p>\n<p style=\"text-align: justify;\" align=\"LEFT\">\u00a0<\/p>\n<p style=\"text-align: justify;\" align=\"LEFT\"><span style=\"font-family: Arial, sans-serif;\"><span style=\"font-size: small;\"><span style=\"color: #1b1c20;\">Mais le r\u00f4le de la loi est temporaire : <\/span><span style=\"color: #1b1c20; background-color: #ccffff;\"><i>Elle a \u00e9t\u00e9 ajout\u00e9e \u00e0 cause des transgressions<strong><sub>1<\/sub><\/strong>, jusqu\u2019\u00e0 ce que vienne la descendance \u00e0 qui la promesse avait \u00e9t\u00e9 faite <\/i><\/span><span style=\"color: #1b1c20;\">(<em><span style=\"background-color: #ccffff;\">Ga 3.19<\/span><\/em>, cf. <em><span style=\"background-color: #ccffff;\">Ga 3.24<\/span><\/em>). <\/span><\/span><\/span><\/p>\n<p style=\"text-align: justify;\" align=\"LEFT\">\u00a0<\/p>\n<p style=\"text-align: justify;\" align=\"LEFT\"><span style=\"font-family: Arial, sans-serif;\"><span style=\"font-size: small;\"><span style=\"color: #1b1c20;\">Car elle ne fait que <\/span><span style=\"color: #1b1c20;\"><i>donner <\/i><em><span style=\"background-color: #ccffff;\">la connaissance du p\u00e9ch\u00e9 <\/span><\/em><\/span><span style=\"color: #1b1c20;\"><em><span style=\"background-color: #ccffff;\">(Rm 3.20)<\/span><\/em>. Nul n\u2019est justifi\u00e9 par les oeuvres de la loi <em><span style=\"background-color: #ccffff;\">(Ga 2.16)<\/span><\/em>. <\/span><\/span><\/span><\/p>\n<p style=\"text-align: justify;\" align=\"LEFT\"><!--more--><\/p>\n<p style=\"text-align: justify;\" align=\"LEFT\">\u00a0<\/p>\n<p style=\"text-align: justify;\" align=\"LEFT\">\u00a0<\/p>\n<h2 align=\"LEFT\"><em>Un effet paradoxal de la loi<\/em><\/h2>\n<p style=\"text-align: justify;\" align=\"LEFT\">\u00a0<\/p>\n<p style=\"text-align: justify;\" align=\"LEFT\"><span style=\"font-family: Arial, sans-serif;\"><span style=\"font-size: small;\"><span style=\"color: #1b1c20;\"><i><strong><em><a href=\"\/wp-content\/uploads\/2016\/pdf2016\/Servir%201-2016%20-%20le%20p\u00e9ch\u00e9.pdf#page=13\" target=\"_blank\"><img loading=\"lazy\" decoding=\"async\" title=\"iconePDF\" src=\"\/wp-content\/uploads\/2011\/01\/iconePDF.jpg\" alt=\"\" width=\"81\" height=\"76\" align=\"right\" hspace=\"8\" vspace=\"8\" \/><\/a><\/em><\/strong><\/i>En <span style=\"background-color: #ccffff;\"><em>Romains 6<\/em><\/span>, Paul annonce que les croyants sont lib\u00e9r\u00e9s du p\u00e9ch\u00e9. Puis au <em><span style=\"background-color: #ccffff;\">chapitre 7<\/span><\/em>, il affirme qu\u2019ils sont \u00e9galement lib\u00e9r\u00e9s de la loi. \u00c0 tout le moins, cela signifie que nous sommes lib\u00e9r\u00e9s du fardeau d\u2019essayer de respecter la loi pour esp\u00e9rer obtenir le salut. Car personne ne peut respecter tous les commandements donc esp\u00e9rer \u00eatre sauv\u00e9 par l\u2019observance de la loi <span style=\"background-color: #ccffff;\"><em>(Ga 3.21-22)<\/em><\/span>.\u00a0 <\/span><\/span><\/span><\/p>\n<p style=\"text-align: justify;\" align=\"LEFT\">\u00a0<\/p>\n<p style=\"text-align: justify;\" align=\"LEFT\"><span style=\"font-family: Arial, sans-serif;\"><span style=\"font-size: small;\"><span style=\"color: #1b1c20;\">Toutefois Paul affirme plus que cela ; la loi met le p\u00e9ch\u00e9 en lumi\u00e8re, mais elle a aussi un effet paradoxal : <\/span><em><span style=\"color: #1b1c20; background-color: #ccffff;\">la loi est intervenue pour que le p\u00e9ch\u00e9 foisonne <\/span><\/em><span style=\"color: #1b1c20;\"><em><span style=\"background-color: #ccffff;\">(Rm 5.20)<\/span><\/em>. Ce verset ne signifie pas simplement que la loi r\u00e9v\u00e8le combien les p\u00e9ch\u00e9s sont nombreux. Paul au <em><span style=\"background-color: #ccffff;\">chapitre 7<\/span><\/em> d\u00e9veloppe sa pens\u00e9e de mani\u00e8re surprenante. Certains contemporains de Paul voulaient rapprocher gr\u00e2ce et p\u00e9ch\u00e9 en affirmant que si nous ne sommes plus sous la loi, alors nous pouvons p\u00e9cher <em><span style=\"background-color: #ccffff;\">(Rm 6.15)<\/span><\/em>. Pour Paul, c\u2019est le contraire : la loi non seulement ne peut pas sauver, mais elle est un obstacle au salut et un appui pour le p\u00e9ch\u00e9. <\/span><\/span><\/span><\/p>\n<p style=\"text-align: justify;\" align=\"LEFT\">\u00a0<\/p>\n<p style=\"text-align: justify;\" align=\"LEFT\"><span style=\"font-family: Arial, sans-serif;\"><span style=\"font-size: small;\"><span style=\"color: #1b1c20;\">Ainsi \u00e0 plusieurs reprises, Paul utilise le terme \u00ab loi \u00bb, l\u00e0 o\u00f9 nous pourrions nous attendre au terme \u00ab p\u00e9ch\u00e9 \u00bb. En <em><span style=\"background-color: #ccffff;\">Rm 7.6 :<\/span> <\/em><\/span><span style=\"color: #1b1c20; background-color: #ccffff;\"><i>nous sommes lib\u00e9r\u00e9s de la loi, car nous sommes morts \u00e0 ce qui nous retenait prisonniers<\/i><\/span><span style=\"color: #1b1c20;\">. Et en <em><span style=\"background-color: #ccffff;\">Rm 6.14<\/span><\/em> Paul affirme : <\/span><span style=\"color: #1b1c20; background-color: #ccffff;\"><i>Le p\u00e9ch\u00e9 n\u2019exercera pas sur vous sa ma\u00eetrise, car vous n\u2019\u00eates pas sous la loi<\/i><\/span><span style=\"color: #1b1c20;\">. <\/span><\/span><\/span><\/p>\n<p style=\"text-align: justify;\" align=\"LEFT\">\u00a0<\/p>\n<p style=\"text-align: justify;\" align=\"LEFT\"><span style=\"font-family: Arial, sans-serif;\"><span style=\"font-size: small;\"><span style=\"color: #1b1c20;\">En tant qu\u2019ancien pharisien, Paul a une vue tr\u00e8s \u00e9lev\u00e9e de la loi de Mo\u00efse : <\/span><em><span style=\"color: #1b1c20; background-color: #ccffff;\">La loi est-elle p\u00e9ch\u00e9 ? Jamais de la vie ! <\/span><\/em><span style=\"color: #1b1c20;\"><em><span style=\"background-color: #ccffff;\">(Rm 7.7)<\/span><\/em>\u00a0\u00a0 <em><span style=\"background-color: #ccffff;\">La loi est spirituelle (Rm 7.14)<\/span><\/em>, <span style=\"background-color: #ccffff;\"><em>la loi est sainte, le commandement est saint, juste et bon (7.12)<\/em><\/span>. <\/span><\/span><\/span><\/p>\n<p style=\"text-align: justify;\" align=\"LEFT\">\u00a0<\/p>\n<p style=\"text-align: justify;\" align=\"LEFT\"><span style=\"font-family: Arial, sans-serif;\"><span style=\"font-size: small;\"><span style=\"color: #1b1c20;\">Mais la loi, tout comme le p\u00e9ch\u00e9, nous retient prisonniers, et Paul discerne un lien entre la loi et la capacit\u00e9 du p\u00e9ch\u00e9 \u00e0 nous ma\u00eetriser : <\/span><em><span style=\"background-color: #ccffff;\"><span style=\"color: #1b1c20;\">quand nous vivions selon la chair, la loi excitait les mauvais d\u00e9sirs <\/span><span style=\"color: #1b1c20;\">(Rm 7.5)<\/span><\/span><\/em><span style=\"color: #1b1c20;\"><i>. <\/i><\/span><span style=\"color: #1b1c20;\">Paul explicite cela par un exemple (probablement personnel) <em><span style=\"background-color: #ccffff;\">(Rm 7.7-8, 11) : <\/span><\/em><\/span><span style=\"color: #1b1c20;\"><em><span style=\"background-color: #ccffff;\">je n\u2019aurais pas su ce qu\u2019\u00e9tait la convoitise si la loi n\u2019avait pas dit : Tu ne convoiteras pas. Alors le p\u00e9ch\u00e9, profitant de l\u2019occasion, a produit en moi, par le commandement, toutes sortes de convoitises ; (\u2026) le p\u00e9ch\u00e9, profitant de l\u2019occasion, m\u2019a tromp\u00e9 par le commandement et, par lui, il m\u2019a tu\u00e9<\/span><\/em><i>. <\/i><\/span><\/span><\/span><\/p>\n<p style=\"text-align: justify;\" align=\"LEFT\">\u00a0<img loading=\"lazy\" decoding=\"async\" class=\"wp-image-9689 aligncenter\" src=\"\/wp-content\/uploads\/2016\/01\/peche-4.jpg\" alt=\"peche-4\" width=\"563\" height=\"240\" srcset=\"https:\/\/www.servir.caef.net\/wp-content\/uploads\/2016\/01\/peche-4.jpg 802w, https:\/\/www.servir.caef.net\/wp-content\/uploads\/2016\/01\/peche-4-300x128.jpg 300w, https:\/\/www.servir.caef.net\/wp-content\/uploads\/2016\/01\/peche-4-768x328.jpg 768w\" sizes=\"auto, (max-width: 563px) 100vw, 563px\" \/><\/p>\n<p style=\"text-align: justify;\" align=\"LEFT\">\u00a0<\/p>\n<p style=\"text-align: justify;\" align=\"LEFT\"><span style=\"font-family: Arial, sans-serif;\"><span style=\"font-size: small;\"><span style=\"color: #1b1c20;\">L\u2019exemple parle de lui-m\u00eame et nous rejoindra sans doute dans notre propre exp\u00e9rience. Paul r\u00e9sume et g\u00e9n\u00e9ralise au centre du passage : <\/span><em><span style=\"color: #1b1c20; background-color: #ccffff;\">Quand le commandement est venu, le p\u00e9ch\u00e9 a pris vie, et moi, je suis mort <\/span><\/em><span style=\"color: #1b1c20;\"><em><span style=\"background-color: #ccffff;\">(Rm 7.9)<\/span><\/em>. <\/span><\/span><\/span><\/p>\n<p style=\"text-align: justify;\" align=\"LEFT\">\u00a0<\/p>\n<p align=\"LEFT\">\u00a0<\/p>\n<h2 align=\"LEFT\"><em>Sortir de ce double esclavage <span style=\"background-color: #ccffff;\">(Rm 7.25)<\/span><\/em><\/h2>\n<p style=\"text-align: justify;\" align=\"LEFT\">\u00a0<\/p>\n<p style=\"text-align: justify;\" align=\"LEFT\"><span style=\"font-family: Arial, sans-serif;\"><span style=\"font-size: small;\"><span style=\"color: #1b1c20;\">Dieu a vaincu le p\u00e9ch\u00e9 par la mort de J\u00e9sus-Christ \u00e0 la croix et l\u2019Esprit saint nous rend b\u00e9n\u00e9ficiaires de sa victoire en nous lib\u00e9rant du p\u00e9ch\u00e9, de la mort, mais aussi de la loi <span style=\"background-color: #ccffff;\"><em>(Rm 8.2)<\/em><\/span>. <\/span><\/span><\/span><\/p>\n<p style=\"text-align: justify;\" align=\"LEFT\">\u00a0<\/p>\n<p style=\"text-align: justify;\" align=\"LEFT\"><span style=\"font-family: Arial, sans-serif;\"><span style=\"font-size: small;\"><span style=\"color: #1b1c20;\">Ainsi, Paul n\u2019oppose pas la loi et le p\u00e9ch\u00e9 et ne voit pas dans la libert\u00e9 qui d\u00e9coule de la gr\u00e2ce une possible licence (cf. les <span style=\"background-color: #ccffff;\">\u00ab <\/span><\/span><span style=\"color: #1b1c20; background-color: #ccffff;\"><i>Tout est permis <\/i><\/span><span style=\"color: #1b1c20;\"><span style=\"background-color: #ccffff;\">\u00bb<\/span> de <span style=\"background-color: #ccffff;\">1 Co<\/span>). Paul associe d\u2019un c\u00f4t\u00e9 la loi et le p\u00e9ch\u00e9 et leur oppose la gr\u00e2ce et la marche par l\u2019Esprit. <\/span><\/span><\/span><\/p>\n<p style=\"text-align: justify;\" align=\"LEFT\">\u00a0<\/p>\n<p align=\"LEFT\">\u00a0<\/p>\n<h2 align=\"LEFT\"><em>Reste-t-il dans la vie du chr\u00e9tien une part laiss\u00e9e \u00e0 la loi de Mo\u00efse ?<\/em><\/h2>\n<p style=\"text-align: justify;\" align=\"LEFT\">\u00a0<\/p>\n<p style=\"text-align: justify;\" align=\"LEFT\"><span style=\"font-family: Arial, sans-serif;\"><span style=\"font-size: small;\"><span style=\"color: #1b1c20;\">\u00ab Lib\u00e9r\u00e9 de la loi \u00bb signifie-t-il lib\u00e9r\u00e9 du r\u00e9gime de la loi comme moyen de salut, mais que les commandements \u00e9thiques (par ex. les dix commandements) continuent \u00e0 s\u2019imposer aux croyants comme r\u00e8gles de vie ? Mais comment la loi pourrait-elle avoir la moindre autorit\u00e9 sur le croyant sans qu\u2019imm\u00e9diatement <\/span><em><span style=\"color: #1b1c20; background-color: #ccffff;\">le p\u00e9ch\u00e9 profite de l\u2019occasion <\/span><\/em><span style=\"color: #1b1c20;\"><em><span style=\"background-color: #ccffff;\">(Rm 7.11)<\/span><\/em> ? D\u2019ailleurs, Christ <\/span><em><span style=\"color: #1b1c20; background-color: #ccffff;\">a annul\u00e9 la loi juive avec ses commandements et ses r\u00e8glements\u2026 <\/span><\/em><span style=\"color: #1b1c20;\"><em><span style=\"background-color: #ccffff;\">(\u00c9p 2.15, BFC)<\/span><\/em>. <\/span><span style=\"background-color: #ccffff;\"><em><span style=\"color: #1b1c20;\">Le juste, le croyant n\u2019est pas r\u00e9gi par la loi. Elle a \u00e9t\u00e9 institu\u00e9e pour ceux qui n\u2019en veulent pas : pour les hommes sans foi ni loi, vivant sans r\u00e8gle ni frein, pour les rebelles, les gens qui m\u00e9prisent Dieu et les p\u00e9cheurs\u2026 <\/span><\/em><\/span><span style=\"color: #1b1c20;\"><span style=\"background-color: #ccffff;\"><em>(1 Tm 1.9)<\/em><\/span> C\u2019est pourquoi, hormis de mani\u00e8re anecdotique<strong><sub>2<\/sub><\/strong>, Paul ne se r\u00e9f\u00e8re pas \u00e0 la loi mosa\u00efque pour d\u00e9finir la conduite du croyant<strong><sub>3<\/sub><\/strong>, mais renvoie pour l\u2019\u00e9thique du Royaume aux exhortations plus exigeantes, mais lib\u00e9ratrices de l\u2019enseignement de J\u00e9sus, du commandement nouveau et \u00e0 l\u2019Esprit et \u00e0 son fruit. <\/span><\/span><\/span><\/p>\n<p style=\"text-align: justify;\" align=\"LEFT\">\u00a0<\/p>\n<p style=\"text-align: justify;\" align=\"LEFT\"><span style=\"font-family: Arial, sans-serif;\"><span style=\"font-size: small;\"><em><span style=\"color: #1b1c20; background-color: #ccffff;\">Maintenant, nous sommes lib\u00e9r\u00e9s de la loi (&#8230;). Nous pouvons donc servir Dieu d\u2019une fa\u00e7on nouvelle, sous l\u2019autorit\u00e9 de l\u2019Esprit saint, et non plus \u00e0 la fa\u00e7on ancienne, sous l\u2019autorit\u00e9 de la loi \u00e9crite <\/span><\/em><span style=\"color: #1b1c20;\"><em><span style=\"background-color: #ccffff;\">(Rm 7.6)<\/span><\/em>. <\/span><\/span><\/span><\/p>\n<p style=\"text-align: justify;\" align=\"LEFT\">\u00a0<\/p>\n<hr \/>\n<p>NOTES<\/p>\n<p>&nbsp;<\/p>\n<p><span style=\"color: #1b1c20; font-family: Arial; font-size: small;\"><strong>1.<\/strong> Comme surveillant (Ga 3.24)<\/span><\/p>\n<p>&nbsp;<\/p>\n<p><span style=\"color: #1b1c20; font-family: Arial; font-size: small;\"><strong>2.<\/strong> Par ex. 1 Cor 9.9 ; 1 Tm 5.18 <\/span><\/p>\n<p>&nbsp;<\/p>\n<p><span style=\"color: #1b1c20; font-family: Arial; font-size: small;\"><strong>3.<\/strong> 104 des 119 utilisations du terme \u00ab Loi \u00bb par Paul se trouvent dans les \u00c9p\u00eetres aux Romains et aux Galates o\u00f9 il d\u00e9nonce les tentations l\u00e9galistes.<\/span><\/p>\n","protected":false},"excerpt":{"rendered":"<p>La loi et le p\u00e9ch\u00e9 &nbsp; \u00a0 &nbsp; Par Thierry Seewald &nbsp; \u00a0 \u00a0 \u00a0 \u00a0 \u00a0 \u00a0 \u00a0 \u00a0 \u00a0 \u00a0 La loi, institu\u00e9e par Dieu pour mettre le p\u00e9ch\u00e9 en lumi\u00e8re \u00a0 Depuis la d\u00e9sob\u00e9issance d\u2019Adam, le p\u00e9ch\u00e9 et la mort manifestent leur pouvoir dans ce monde. Et Dieu a donn\u00e9 la loi [&hellip;]<\/p>\n","protected":false},"author":35,"featured_media":0,"comment_status":"closed","ping_status":"closed","sticky":false,"template":"","format":"standard","meta":{"footnotes":""},"categories":[82,69,68,74],"tags":[],"class_list":["post-9688","post","type-post","status-publish","format-standard","hentry","category-liberation","category-grace","category-la-loi","category-peche"],"_links":{"self":[{"href":"https:\/\/www.servir.caef.net\/index.php?rest_route=\/wp\/v2\/posts\/9688","targetHints":{"allow":["GET"]}}],"collection":[{"href":"https:\/\/www.servir.caef.net\/index.php?rest_route=\/wp\/v2\/posts"}],"about":[{"href":"https:\/\/www.servir.caef.net\/index.php?rest_route=\/wp\/v2\/types\/post"}],"author":[{"embeddable":true,"href":"https:\/\/www.servir.caef.net\/index.php?rest_route=\/wp\/v2\/users\/35"}],"replies":[{"embeddable":true,"href":"https:\/\/www.servir.caef.net\/index.php?rest_route=%2Fwp%2Fv2%2Fcomments&post=9688"}],"version-history":[{"count":0,"href":"https:\/\/www.servir.caef.net\/index.php?rest_route=\/wp\/v2\/posts\/9688\/revisions"}],"wp:attachment":[{"href":"https:\/\/www.servir.caef.net\/index.php?rest_route=%2Fwp%2Fv2%2Fmedia&parent=9688"}],"wp:term":[{"taxonomy":"category","embeddable":true,"href":"https:\/\/www.servir.caef.net\/index.php?rest_route=%2Fwp%2Fv2%2Fcategories&post=9688"},{"taxonomy":"post_tag","embeddable":true,"href":"https:\/\/www.servir.caef.net\/index.php?rest_route=%2Fwp%2Fv2%2Ftags&post=9688"}],"curies":[{"name":"wp","href":"https:\/\/api.w.org\/{rel}","templated":true}]}}