{"id":9701,"date":"2016-01-03T18:42:00","date_gmt":"2016-01-03T18:42:00","guid":{"rendered":"\/?p=9701"},"modified":"2016-12-03T18:58:57","modified_gmt":"2016-12-03T18:58:57","slug":"considerez-vous-comme-morts-au-peche","status":"publish","type":"post","link":"https:\/\/www.servir.caef.net\/?p=9701","title":{"rendered":"Consid\u00e9rez-vous comme morts au p\u00e9ch\u00e9 !"},"content":{"rendered":"<h1 style=\"text-align: center;\" align=\"LEFT\">Consid\u00e9rez-vous comme morts<\/h1>\n<h1 style=\"text-align: center;\" align=\"LEFT\">\u00a0<\/h1>\n<h1 style=\"text-align: center;\">au p\u00e9ch\u00e9 !<sub>1<\/sub><\/h1>\n<p>&nbsp;<\/p>\n<p><span style=\"color: #800000;\"><strong><span style=\"font-size: 14pt;\">Par Brad Dickson<sub>2<\/sub><\/span><\/strong><\/span><\/p>\n<p><img loading=\"lazy\" decoding=\"async\" class=\"wp-image-9702 alignleft\" src=\"\/wp-content\/uploads\/2016\/12\/Dickson.jpg\" alt=\"dickson\" width=\"148\" height=\"157\" hspace=\"10\" vspace=\"10\" \/><\/p>\n<p style=\"text-align: justify;\" align=\"LEFT\">\u00a0<\/p>\n<p style=\"text-align: justify;\" align=\"LEFT\">\u00a0<\/p>\n<p style=\"text-align: justify;\" align=\"LEFT\">\u00a0<\/p>\n<p style=\"text-align: justify;\" align=\"LEFT\">\u00a0<\/p>\n<p style=\"text-align: justify;\" align=\"LEFT\"><span style=\"font-family: Arial, sans-serif;\"><span style=\"font-size: small;\"><span style=\"color: #1b1c20;\"><i><span style=\"font-size: 14pt;\">Comme le gland d\u00e9tient l\u2019ADN qui pilote la croissance du ch\u00eane, ce simple commandement biblique renferme la v\u00e9rit\u00e9 qui vous fera cro\u00eetre dans la saintet\u00e9.<\/span> <\/i><\/span><\/span><\/span><\/p>\n<p style=\"text-align: justify;\" align=\"LEFT\">\u00a0<\/p>\n<p style=\"text-align: justify;\" align=\"LEFT\">\u00a0<\/p>\n<p style=\"text-align: justify;\" align=\"LEFT\">\u00a0<\/p>\n<p style=\"text-align: justify;\" align=\"LEFT\">\u00a0<\/p>\n<p style=\"text-align: justify;\" align=\"LEFT\">\u00a0<\/p>\n<p style=\"text-align: justify;\" align=\"LEFT\"><!--more--><\/p>\n<h2 align=\"LEFT\"><em>M\u00e9thode Cou\u00e9 ou r\u00e9alit\u00e9 spirituelle ?<\/em><\/h2>\n<p style=\"text-align: justify;\" align=\"LEFT\">\u00a0<\/p>\n<p style=\"text-align: justify;\" align=\"LEFT\"><span style=\"font-family: Arial, sans-serif;\"><span style=\"font-size: small;\"><span style=\"color: #1b1c20;\">\u00a0\u00a0\u00a0\u00a0\u00a0\u00a0\u00a0 Une question de fond s\u2019impose. Parlons-nous ici de la pratique de la proph\u00e9tie autor\u00e9alisatrice, cette autosuggestion cens\u00e9e entra\u00eener un mieux-\u00eatre spirituel ? <\/span><\/span><\/span><\/p>\n<p style=\"text-align: justify;\" align=\"LEFT\"><span style=\"font-family: Arial, sans-serif;\"><span style=\"font-size: small;\"><span style=\"color: #1b1c20;\">\u00a0\u00a0\u00a0\u00a0\u00a0\u00a0 Nullement ! Ce verset nous incite \u00e0 construire notre image de nous-m\u00eames solidement sur deux v\u00e9rit\u00e9s martel\u00e9es au long des six premiers chapitres de <span style=\"background-color: #ccffff;\">l\u2019\u00e9p\u00eetre aux Romains<\/span>. La premi\u00e8re est que l\u2019homme sans Christ est incapable de faire le bien, car il est prisonnier du p\u00e9ch\u00e9 <em><span style=\"background-color: #ccffff;\">(1.18 \u00e0 3.20)<\/span><\/em>.\u00a0<\/span> <\/span><\/span><\/p>\n<p style=\"text-align: justify;\" align=\"LEFT\"><span style=\"font-family: Arial, sans-serif;\"><span style=\"font-size: small;\"><span style=\"color: #1b1c20;\">\u00a0\u00a0\u00a0\u00a0\u00a0\u00a0\u00a0 La deuxi\u00e8me est que Dieu, dans sa gr\u00e2ce, unit le croyant au Christ, lui conf\u00e9rant du coup toute la justice de J\u00e9sus-Christ ainsi que toute sa puissance pour se d\u00e9p\u00eatrer du p\u00e9ch\u00e9 <em><span style=\"background-color: #ccffff;\">(3.21 \u00e0 6.23)<\/span><\/em>. <\/span><\/span><\/span><\/p>\n<p style=\"text-align: justify;\" align=\"LEFT\"><span style=\"font-family: Arial, sans-serif;\"><span style=\"font-size: small;\"><span style=\"color: #1b1c20;\">\u00a0\u00a0\u00a0\u00a0\u00a0\u00a0\u00a0 L\u2019attitude \u00e0 adopter, \u00ab Je suis mort au p\u00e9ch\u00e9 \u00bb, est bas\u00e9e sur une d\u00e9claration divine : <\/span><span style=\"color: #1b1c20; background-color: #ccffff;\"><i>vous \u00eates morts au p\u00e9ch\u00e9<\/i><\/span><span style=\"color: #1b1c20;\">. Nous n\u2019avons donc pas \u00e0 nous convaincre de voeux pieux irr\u00e9alisables, mais plut\u00f4t \u00e0 nous aligner sur la v\u00e9rit\u00e9. Dieu nous dit morts au p\u00e9ch\u00e9 ; regardons-nous comme morts au p\u00e9ch\u00e9 ! <\/span><\/span><\/span><\/p>\n<p style=\"text-align: justify;\" align=\"LEFT\"><span style=\"font-family: Arial, sans-serif;\"><span style=\"font-size: small;\"><span style=\"color: #1b1c20;\">\u00a0\u00a0\u00a0\u00a0\u00a0\u00a0\u00a0 Explorons trois facettes de notre mort au p\u00e9ch\u00e9. Elles sont riches d\u2019applications pour la sanctification. <\/span><\/span><\/span><\/p>\n<p style=\"text-align: justify;\" align=\"LEFT\">\u00a0<\/p>\n<p style=\"text-align: justify;\" align=\"LEFT\">\u00a0<\/p>\n<h2 align=\"LEFT\"><em>Morts \u00e0 la condamnation de notre p\u00e9ch\u00e9<\/em><\/h2>\n<p style=\"text-align: justify;\" align=\"LEFT\">\u00a0<\/p>\n<p style=\"text-align: justify;\" align=\"LEFT\"><span style=\"font-family: Arial, sans-serif;\"><span style=\"font-size: small;\"><span style=\"color: #1b1c20;\">\u00a0\u00a0\u00a0\u00a0\u00a0\u00a0\u00a0 Quand J\u00e9sus est mort sur la croix, on peut l\u2019imaginer, portant un grand sac \u00e0 dos dans lequel Dieu avait introduit tous les croyants. Quand il est mort, nous sommes morts ; quand il est ressuscit\u00e9, nous sommes ressuscit\u00e9s. <\/span><\/span><\/span><\/p>\n<p style=\"text-align: justify;\" align=\"LEFT\"><span style=\"font-family: Arial, sans-serif;\"><span style=\"font-size: small;\"><span style=\"color: #1b1c20;\">\u00a0\u00a0\u00a0\u00a0\u00a0\u00a0\u00a0 Un des premiers fruits de cette union mystique mais r\u00e9elle est le fait qu\u2019il n\u2019y a plus aucune condamnation possible pour notre p\u00e9ch\u00e9. Pourquoi ? Parce que nous sommes tout simplement morts en ce qui concerne la justice de Dieu. <\/span><\/span><\/span><\/p>\n<p style=\"text-align: justify;\" align=\"LEFT\"><span style=\"font-family: Arial, sans-serif;\"><span style=\"font-size: small;\"><span style=\"color: #1b1c20;\">\u00a0\u00a0\u00a0\u00a0\u00a0\u00a0\u00a0 En voici une illustration dramatique. Le 27 mars 2002 \u00e0 la mairie de Nanterre, un d\u00e9s\u00e9quilibr\u00e9, Richard Durne, assiste au conseil municipal, une arme dissimul\u00e9e sous sa veste. Il fait feu, tuant 8 membres du conseil municipal et en blessant 19 autres. Maitris\u00e9 par un geste h\u00e9ro\u00efque d\u2019un des \u00e9lus et d\u2019un agent municipal, il est amen\u00e9 au 36 quai des Orf\u00e8vres \u00e0 Paris. Mais il ne sera jamais jug\u00e9 ! Savez-vous pourquoi ? Pendant l\u2019interrogatoire, il se suicide en se d\u00e9fenestrant du 4e \u00e9tage. La justice ne poursuit pas les morts. <\/span><\/span><\/span><\/p>\n<p style=\"text-align: justify;\" align=\"LEFT\"><span style=\"font-family: Arial, sans-serif;\"><span style=\"font-size: small;\"><span style=\"color: #1b1c20;\">\u00a0\u00a0\u00a0\u00a0\u00a0\u00a0\u00a0 Inutile de se suicider pour \u00e9viter le jugement divin. C\u2019est J\u00e9sus-Christ qui, \u00e0 <\/span><span style=\"color: #1b1c20;\">notre place, se sacrifie, subissant de plein fouet la sainte justice de Dieu contre le p\u00e9ch\u00e9. Notre peine est d\u00e9finitivement expi\u00e9e. <\/span><span style=\"background-color: #ccffff;\"><em><span style=\"color: #1b1c20;\">Il n\u2019y a donc plus aucune condamnation pour ceux qui sont en Christ <\/span><\/em><\/span><span style=\"color: #1b1c20;\"><span style=\"background-color: #ccffff;\"><em>(Rm 8.1)<\/em><\/span>. <\/span><\/span><\/span><\/p>\n<p style=\"text-align: justify;\" align=\"LEFT\">\u00a0<\/p>\n<p style=\"text-align: justify;\" align=\"LEFT\">\u00a0<\/p>\n<h2 align=\"LEFT\"><em>Morts \u00e0 la logique du p\u00e9ch\u00e9<\/em><\/h2>\n<p style=\"text-align: justify;\" align=\"LEFT\">\u00a0<\/p>\n<p style=\"text-align: justify;\" align=\"LEFT\"><span style=\"font-family: Arial, sans-serif;\"><span style=\"font-size: small;\"><span style=\"color: #1b1c20;\">\u00a0\u00a0\u00a0\u00a0\u00a0\u00a0\u00a0 Cette absence de condamnation, loin de nous pousser vers le laisser-aller, nous attire dans le sens d\u2019une ob\u00e9issance reconnaissante <em><span style=\"background-color: #ccffff;\">(6.1-3)<\/span><\/em>. <\/span><\/span><\/span><\/p>\n<p style=\"text-align: justify;\" align=\"LEFT\"><span style=\"font-family: Arial, sans-serif;\"><span style=\"font-size: small;\"><span style=\"color: #1b1c20;\">\u00a0\u00a0\u00a0\u00a0\u00a0\u00a0\u00a0 Avons-nous besoin d\u2019une illustration ? Un jeune homme se fait emprisonner \u00e0 vie pour trafic de drogue dans un pays o\u00f9 les conditions carc\u00e9rales sont dramatiques. Le p\u00e8re se bat depuis la France pour sa lib\u00e9ration. Pendant trois ans, il investit toutes ses \u00e9nergies et les \u00e9conomies d\u2019une vie dans la bataille l\u00e9gale qui, enfin, aboutit \u00e0 la lib\u00e9ration de son fils. Imaginez la r\u00e9action du p\u00e8re quand le fils lui annonce que gr\u00e2ce \u00e0 cette lib\u00e9ration il va pouvoir recommencer son trafic ! Le p\u00e8re, abasourdi, attrist\u00e9, offens\u00e9, r\u00e9torquerait s\u00fbrement qu\u2019il n\u2019a pas d\u00e9pens\u00e9 tout cet argent et toute cette \u00e9nergie seulement pour lib\u00e9rer son fils de prison, mais aussi pour qu\u2019il rentre dans sa famille, sans recommencer. <\/span><\/span><\/span><\/p>\n<p style=\"text-align: justify;\" align=\"LEFT\"><span style=\"font-family: Arial, sans-serif;\"><span style=\"font-size: small;\"><span style=\"color: #1b1c20;\">\u00a0\u00a0\u00a0\u00a0\u00a0\u00a0\u00a0\u00a0 De la m\u00eame mani\u00e8re, le chr\u00e9tien qui abuse de la gr\u00e2ce n\u2019a rien compris au sens de son bapt\u00eame et donc de son salut <span style=\"background-color: #ccffff;\"><em>(Rm 6.1-3)<\/em><\/span>. C\u2019est au prix du sang de son Fils, que le P\u00e8re s\u2019est engag\u00e9, non seulement pour nous pardonner notre p\u00e9ch\u00e9, mais aussi pour nous en d\u00e9livrer ! <\/span><\/span><\/span><\/p>\n<p style=\"text-align: justify;\" align=\"LEFT\"><span style=\"font-family: Arial, sans-serif;\"><span style=\"font-size: small;\"><span style=\"color: #1b1c20;\">\u00a0\u00a0\u00a0\u00a0\u00a0\u00a0\u00a0\u00a0\u00a0 Il n\u2019est pas coh\u00e9rent pour le chr\u00e9tien de vouloir continuer dans le p\u00e9ch\u00e9. <\/span><\/span><\/span><\/p>\n<p style=\"text-align: justify;\" align=\"LEFT\">\u00a0<\/p>\n<p style=\"text-align: justify;\" align=\"LEFT\">\u00a0<\/p>\n<h2 align=\"LEFT\"><em>Morts \u00e0 la domination du p\u00e9ch\u00e9<\/em><\/h2>\n<p style=\"text-align: justify;\" align=\"LEFT\">\u00a0<\/p>\n<p style=\"text-align: justify;\" align=\"LEFT\"><span style=\"font-family: Arial, sans-serif;\"><span style=\"font-size: small;\"><span style=\"color: #1b1c20;\">\u00a0\u00a0\u00a0\u00a0\u00a0\u00a0\u00a0\u00a0\u00a0 Les premiers chapitres de <em><span style=\"background-color: #ccffff;\">Romains<\/span><\/em> d\u00e9peignent l\u2019homme sans Christ comme \u00e9tant <span style=\"background-color: #ccffff;\"><em>\u00ab sous le p\u00e9ch\u00e9 \u00bb<\/em><\/span> (traduction litt\u00e9rale de <em><span style=\"background-color: #ccffff;\">3.9<\/span><\/em>). L\u2019image est celle du lutteur. Celui qui se trouve dessous est domin\u00e9. <\/span><\/span><\/span><\/p>\n<p style=\"text-align: justify;\" align=\"LEFT\"><span style=\"font-family: Arial, sans-serif;\"><span style=\"font-size: small;\"><span style=\"color: #1b1c20;\">\u00a0\u00a0\u00a0\u00a0\u00a0\u00a0\u00a0\u00a0\u00a0 Mais Christ, par sa r\u00e9surrection, a montr\u00e9 sa ma\u00eetrise du p\u00e9ch\u00e9. Pour prolonger l\u2019image \u00e9voqu\u00e9e plus haut, nous sommes \u00ab dans le sac \u00e0 dos \u00bb du Christ ressuscit\u00e9. Nous avons le dessus sur le p\u00e9ch\u00e9. <\/span><\/span><\/span><\/p>\n<p style=\"text-align: justify;\" align=\"LEFT\"><span style=\"font-family: Arial, sans-serif;\"><span style=\"font-size: small;\"><span style=\"color: #1b1c20;\">\u00a0\u00a0\u00a0\u00a0\u00a0\u00a0\u00a0\u00a0 Il est temps de compl\u00e9ter la citation qui fait fonction de titre \u00e0 cet article. \u00ab Consid\u00e9rez-vous comme morts au p\u00e9ch\u00e9 <\/span><em><span style=\"color: #1b1c20; background-color: #ccffff;\">et comme vivants pour Dieu en Christ J\u00e9sus <\/span><\/em><span style=\"color: #1b1c20;\"><em><span style=\"background-color: #ccffff;\">\u00bb (6.11)<\/span><\/em>. Il ne s\u2019agit toujours pas de la m\u00e9thode Cou\u00e9. Le Christ vivant en nous nous donne une autorit\u00e9 r\u00e9elle pour dire non au p\u00e9ch\u00e9. <\/span><\/span><\/span><\/p>\n<p style=\"text-align: justify;\" align=\"LEFT\"><span style=\"font-family: Arial, sans-serif;\"><span style=\"font-size: small;\"><span style=\"color: #1b1c20;\">\u00a0\u00a0\u00a0\u00a0\u00a0\u00a0\u00a0\u00a0 \u00c0 la fin de la guerre de S\u00e9cession, Abraham Lincoln signa une loi d\u00e9cr\u00e9tant la lib\u00e9ration de tous les esclaves des \u00c9tats- Unis. Pour autant, certains ma\u00eetres faisant fi de l\u2019autorit\u00e9 pr\u00e9sidentielle tentaient de garder ill\u00e9galement leurs esclaves, les mena\u00e7ant et comptant sur leur docilit\u00e9. Ils sont l\u2019image de Satan, dont le Christ a d\u00e9pouill\u00e9 l\u2019autorit\u00e9. Il essaie n\u00e9anmoins de nous faire ob\u00e9ir \u00e0 ses ordres. La docilit\u00e9 de certains esclaves jadis rappelle l\u2019impuissance de certains chr\u00e9tiens, qui semblent ignorer qu\u2019ils peuvent dire non au p\u00e9ch\u00e9, gr\u00e2ce \u00e0 leur statut de fils de Dieu libres en Christ. <\/span><\/span><\/span><\/p>\n<p style=\"text-align: justify;\" align=\"LEFT\">\u00a0<\/p>\n<p style=\"text-align: justify;\" align=\"LEFT\">\u00a0<\/p>\n<h2 align=\"LEFT\"><em>Regardons-nous dans un miroir<\/em><\/h2>\n<p style=\"text-align: justify;\" align=\"LEFT\">\u00a0<\/p>\n<p style=\"text-align: justify;\" align=\"LEFT\"><span style=\"font-family: Arial, sans-serif;\"><span style=\"font-size: small;\"><span style=\"color: #1b1c20;\">\u00a0\u00a0\u00a0\u00a0\u00a0\u00a0\u00a0\u00a0 Chers chr\u00e9tiens, ch\u00e9rissons notre bapt\u00eame et tout ce qu\u2019il repr\u00e9sente. Dieu nous a fait mourir \u00e0 toute condamnation, ouvrant la voie \u00e0 une ob\u00e9issance joyeuse et reconnaissante ! Dieu nous a introduits dans une nouvelle logique o\u00f9 il devient incoh\u00e9rent de p\u00e9cher. Dieu nous a donn\u00e9 toute l\u2019autorit\u00e9 de son Fils pour dire non au p\u00e9ch\u00e9. <\/span><\/span><\/span><\/p>\n<p style=\"text-align: justify;\" align=\"LEFT\"><span style=\"font-family: Arial, sans-serif;\"><span style=\"font-size: small;\"><span style=\"color: #1b1c20;\">\u00a0\u00a0\u00a0\u00a0\u00a0\u00a0\u00a0\u00a0 Regardons-nous dans un miroir. Par la foi, il faut y voir quelqu\u2019un qui est <\/span><span style=\"color: #1b1c20; background-color: #ccffff;\"><i>mort au p\u00e9ch\u00e9 et vivant pour Dieu en Christ J\u00e9sus<\/i><\/span><span style=\"color: #1b1c20;\">.<\/span><\/span><\/span><\/p>\n<p style=\"text-align: justify;\" align=\"LEFT\">\u00a0<\/p>\n<hr \/>\n<p style=\"text-align: justify;\" align=\"LEFT\">NOTES<\/p>\n<p style=\"text-align: justify;\" align=\"LEFT\">\u00a0<\/p>\n<p style=\"text-align: justify;\" align=\"LEFT\"><span style=\"font-family: Arial;\"><span style=\"color: #1b1c20; font-size: small;\"><strong>1.<\/strong> Rm 6.11 <\/span><\/span><\/p>\n<p style=\"text-align: justify;\" align=\"LEFT\">\u00a0<\/p>\n<p style=\"text-align: justify;\" align=\"LEFT\"><span style=\"font-family: Arial;\"><span style=\"color: #1b1c20; font-size: small;\"><strong>2.<\/strong> Brad Dickson est l\u2019auteur de <\/span><span style=\"font-size: small;\"><span style=\"color: #1b1c20;\"><i>Romains : Commentaire biblique<\/i><\/span><span style=\"color: #1b1c20;\">, \u00c9ditions CLE, s\u00e9rie Institut Biblique de Gen\u00e8ve. Extrait de la pr\u00e9face \u00e9crite par Alfred Kuen : \u00ab Ce commentaire contient des illustrations originales et des exhortations facilitant la mise en pratique de la Parole de Dieu. Les responsables d\u2019\u00e9tudes bibliques appr\u00e9cieront, \u00e0 la fin de chaque section principale, les brefs r\u00e9capitulatifs et les questions permettant d\u2019approfondir la r\u00e9flexion personnelle et de lancer la discussion. \u00bb<\/span><\/span><\/span><\/p>\n","protected":false},"excerpt":{"rendered":"<p>Consid\u00e9rez-vous comme morts \u00a0 au p\u00e9ch\u00e9 !1 &nbsp; Par Brad Dickson2 \u00a0 \u00a0 \u00a0 \u00a0 Comme le gland d\u00e9tient l\u2019ADN qui pilote la croissance du ch\u00eane, ce simple commandement biblique renferme la v\u00e9rit\u00e9 qui vous fera cro\u00eetre dans la saintet\u00e9. \u00a0 \u00a0 \u00a0 \u00a0 \u00a0<\/p>\n","protected":false},"author":14,"featured_media":0,"comment_status":"closed","ping_status":"closed","sticky":false,"template":"","format":"standard","meta":{"footnotes":""},"categories":[59,49,74,11],"tags":[],"class_list":["post-9701","post","type-post","status-publish","format-standard","hentry","category-etudes-bibliques","category-lhomme-face-a-la-mort","category-peche","category-la-vie-du-chretien"],"_links":{"self":[{"href":"https:\/\/www.servir.caef.net\/index.php?rest_route=\/wp\/v2\/posts\/9701","targetHints":{"allow":["GET"]}}],"collection":[{"href":"https:\/\/www.servir.caef.net\/index.php?rest_route=\/wp\/v2\/posts"}],"about":[{"href":"https:\/\/www.servir.caef.net\/index.php?rest_route=\/wp\/v2\/types\/post"}],"author":[{"embeddable":true,"href":"https:\/\/www.servir.caef.net\/index.php?rest_route=\/wp\/v2\/users\/14"}],"replies":[{"embeddable":true,"href":"https:\/\/www.servir.caef.net\/index.php?rest_route=%2Fwp%2Fv2%2Fcomments&post=9701"}],"version-history":[{"count":0,"href":"https:\/\/www.servir.caef.net\/index.php?rest_route=\/wp\/v2\/posts\/9701\/revisions"}],"wp:attachment":[{"href":"https:\/\/www.servir.caef.net\/index.php?rest_route=%2Fwp%2Fv2%2Fmedia&parent=9701"}],"wp:term":[{"taxonomy":"category","embeddable":true,"href":"https:\/\/www.servir.caef.net\/index.php?rest_route=%2Fwp%2Fv2%2Fcategories&post=9701"},{"taxonomy":"post_tag","embeddable":true,"href":"https:\/\/www.servir.caef.net\/index.php?rest_route=%2Fwp%2Fv2%2Ftags&post=9701"}],"curies":[{"name":"wp","href":"https:\/\/api.w.org\/{rel}","templated":true}]}}