{"id":9704,"date":"2016-01-05T14:12:13","date_gmt":"2016-01-05T14:12:13","guid":{"rendered":"\/?p=9704"},"modified":"2016-12-05T14:38:15","modified_gmt":"2016-12-05T14:38:15","slug":"grain-a-moudre-le-peche-contre-le-saint-esprit-mt-12-31","status":"publish","type":"post","link":"https:\/\/www.servir.caef.net\/?p=9704","title":{"rendered":"Grain \u00e0 moudre &#8211; Le p\u00e9ch\u00e9 contre le Saint-Esprit (Mt 12.31)"},"content":{"rendered":"<h1 style=\"text-align: center;\" align=\"LEFT\"><img loading=\"lazy\" decoding=\"async\" class=\"alignnone size-full wp-image-7123\" src=\"\/wp-content\/uploads\/2013\/04\/grain-moudre.jpg\" alt=\"grain-moudre\" width=\"337\" height=\"47\" srcset=\"https:\/\/www.servir.caef.net\/wp-content\/uploads\/2013\/04\/grain-moudre.jpg 337w, https:\/\/www.servir.caef.net\/wp-content\/uploads\/2013\/04\/grain-moudre-300x41.jpg 300w\" sizes=\"auto, (max-width: 337px) 100vw, 337px\" \/><\/h1>\n<h1 style=\"text-align: center;\" align=\"LEFT\">\u00a0<\/h1>\n<h1 style=\"text-align: center;\" align=\"LEFT\">Le p\u00e9ch\u00e9 contre le Saint-Esprit<\/h1>\n<p align=\"LEFT\">\u00a0<\/p>\n<h1 style=\"text-align: center;\" align=\"LEFT\"><em><span style=\"background-color: #ccffff;\">(Mt 12.31)<\/span><\/em><\/h1>\n<p align=\"LEFT\">\u00a0<\/p>\n<p align=\"LEFT\">\u00a0<\/p>\n<p align=\"LEFT\"><span style=\"color: #800000; font-size: 14pt;\"><strong>Par David Steinmetz<\/strong><\/span><\/p>\n<p align=\"LEFT\"><img loading=\"lazy\" decoding=\"async\" class=\"wp-image-9564 alignleft\" src=\"\/wp-content\/uploads\/2016\/10\/Steinmetz.jpg\" alt=\"steinmetz\" width=\"144\" height=\"172\" hspace=\"10\" vspace=\"10\" srcset=\"https:\/\/www.servir.caef.net\/wp-content\/uploads\/2016\/10\/Steinmetz.jpg 266w, https:\/\/www.servir.caef.net\/wp-content\/uploads\/2016\/10\/Steinmetz-252x300.jpg 252w\" sizes=\"auto, (max-width: 144px) 100vw, 144px\" \/><\/p>\n<p style=\"text-align: justify;\" align=\"LEFT\">\u00a0<\/p>\n<p style=\"text-align: justify;\" align=\"LEFT\">\u00a0<\/p>\n<p style=\"text-align: justify;\" align=\"LEFT\">\u00a0<\/p>\n<p style=\"text-align: center;\" align=\"LEFT\"><span style=\"font-family: Arial, sans-serif; background-color: #ccffff;\"><span style=\"font-size: small;\"><span style=\"color: #1b1c20;\"><i>C\u2019est pourquoi je vous dis : tout p\u00e9ch\u00e9, tout blasph\u00e8me sera pardonn\u00e9 aux hommes, mais le blasph\u00e8me contre l\u2019Esprit ne leur sera pas pardonn\u00e9. Celui qui parlera contre le Fils de l\u2019homme, cela lui sera pardonn\u00e9 ; mais celui qui parlera contre le Saint-Esprit, le pardon ne lui sera accord\u00e9 ni dans le monde pr\u00e9sent ni dans le monde \u00e0 venir. <\/i><\/span><\/span><\/span><\/p>\n<p style=\"text-align: justify;\" align=\"LEFT\">\u00a0<\/p>\n<p style=\"text-align: justify;\" align=\"LEFT\">\u00a0<\/p>\n<p style=\"text-align: justify;\" align=\"LEFT\"><!--more--><\/p>\n<p style=\"text-align: justify;\" align=\"LEFT\"><span style=\"font-family: Arial, sans-serif;\"><span style=\"font-size: small;\"><span style=\"color: #1b1c20;\"><strong><em><a href=\"\/wp-content\/uploads\/2016\/pdf2016\/Servir%201-2016%20-%20le%20p\u00e9ch\u00e9.pdf#page=24\" target=\"_blank\"><img loading=\"lazy\" decoding=\"async\" title=\"iconePDF\" src=\"\/wp-content\/uploads\/2011\/01\/iconePDF.jpg\" alt=\"\" width=\"81\" height=\"76\" align=\"right\" hspace=\"8\" vspace=\"8\" \/><\/a><\/em><\/strong>Ces paroles de J\u00e9sus peuvent semer le doute dans l\u2019esprit de certains chr\u00e9tiens. Alors que nous avons grandi avec l\u2019enseignement de l\u2019ap\u00f4tre Jean, selon lequel Dieu est un Dieu qui fait gr\u00e2ce, qui nous pardonne quand nous confessons nos p\u00e9ch\u00e9s, voil\u00e0 que J\u00e9sus affirme qu\u2019il y a un p\u00e9ch\u00e9 qui ne sera jamais pardonn\u00e9. Si nous avons p\u00e9ch\u00e9 contre le Saint-Esprit, le ciel semble nous \u00eatre \u00e0 jamais ferm\u00e9\u2026 On peut donc constamment vivre avec cette crainte de risque de p\u00e9cher contre le Saint-Esprit (ou m\u00eame dans la crainte de l\u2019avoir d\u00e9j\u00e0 r\u00e9alis\u00e9 !). Mais pour \u00e9tudier tout texte, il faut le replacer dans son contexte. <\/span><\/span><\/span><\/p>\n<p style=\"text-align: justify;\" align=\"LEFT\">\u00a0<\/p>\n<p style=\"text-align: justify;\" align=\"LEFT\"><span style=\"font-family: Arial, sans-serif;\"><span style=\"font-size: small;\"><span style=\"color: #1b1c20;\">J\u00e9sus vient de gu\u00e9rir un d\u00e9moniaque aveugle et muet, de sorte que celuici s\u2019est mis \u00e0 voir et \u00e0 parler. La foule, pleine d\u2019admiration devant un tel signe, commence \u00e0 se demander si ce J\u00e9sus ne pourrait pas \u00eatre le Fils de David, le Messie tant attendu par Isra\u00ebl. Mais les pharisiens, offusqu\u00e9s par cet homme qui pr\u00e9tend \u00eatre le Fils de Dieu et qui se permet de ne pas respecter la loi de Mo\u00efse (du moins, leur interpr\u00e9tation de cette loi), rabrouent la foule en pr\u00e9tendant que le pouvoir de J\u00e9sus lui a \u00e9t\u00e9 donn\u00e9 par Satan. <\/span><\/span><\/span><\/p>\n<p style=\"text-align: justify;\" align=\"LEFT\">\u00a0<\/p>\n<p style=\"text-align: justify;\" align=\"LEFT\"><span style=\"font-family: Arial, sans-serif;\"><span style=\"font-size: small;\"><span style=\"color: #1b1c20;\">J\u00e9sus, connaissant leur pens\u00e9e, se met \u00e0 leur d\u00e9montrer l\u2019illogisme de ces propos. Puisqu\u2019il vient de chasser un d\u00e9mon, Satan s\u2019en prendrait \u00e0 son propre royaume si J\u00e9sus \u00e9tait son envoy\u00e9. De plus, les disciples des pharisiens eux-m\u00eames chassent des d\u00e9mons, d\u00e9montrant ainsi que l\u2019exorcisme a pour but de nuire \u00e0 Satan, et non l\u2019inverse. <\/span><\/span><\/span><\/p>\n<p style=\"text-align: justify;\" align=\"LEFT\">\u00a0<\/p>\n<p style=\"text-align: justify;\" align=\"LEFT\"><span style=\"font-family: Arial, sans-serif;\"><span style=\"font-size: small;\"><span style=\"color: #1b1c20;\">Puis le Seigneur emploie une image pour manifester qu\u2019il est r\u00e9ellement le Messie. Un homme fort est entr\u00e9 dans une maison pour piller ses biens, et seul un \u00eatre capable de lier cet homme fort pourra r\u00e9cup\u00e9rer la maison. Ainsi, un d\u00e9mon est entr\u00e9 dans un \u00eatre humain pour prendre possession de lui, et seul l\u2019Esprit de Dieu pourra chasser ce d\u00e9mon et venir habiter \u00e0 son tour chez lui. Si donc J\u00e9sus a pu chasser le d\u00e9mon, c\u2019est qu\u2019il est rempli de l\u2019Esprit de Dieu, accr\u00e9ditant l\u2019hypoth\u00e8se de la foule. Et si J\u00e9sus est vraiment le Fils de David, alors le Royaume de Dieu est venu jusqu\u2019\u00e0 eux <em><span style=\"background-color: #ccffff;\">(v.28)<\/span><\/em>. <\/span><\/span><\/span><\/p>\n<p style=\"text-align: justify;\" align=\"LEFT\">\u00a0<\/p>\n<p style=\"text-align: justify;\" align=\"LEFT\"><span style=\"font-family: Arial, sans-serif;\"><span style=\"font-size: small;\"><span style=\"color: #1b1c20;\">Mais par leurs accusations, les pharisiens refusent d\u2019accepter l\u2019\u00e9vidence. En l\u2019accusant d\u2019\u00eatre un instrument de Satan, ils continuent de manifester qu\u2019ils refusent de le reconnaitre comme le Messie. <\/span><span style=\"color: #1b1c20; background-color: #ccffff;\"><i>C\u2019est pourquoi<\/i><\/span><span style=\"color: #1b1c20;\">, leur dit J\u00e9sus, <span style=\"background-color: #ccffff;\"><em>tout blasph\u00e8me sera pardonn\u00e9 aux hommes, mais le blasph\u00e8me contre l\u2019Esprit ne leur sera pas pardonn\u00e9<\/em><\/span>. Il y a un lien de cause<\/span> <span style=\"color: #1b1c20;\">\u00e0 effet. J\u00e9sus associe le blasph\u00e8me contre le Saint-Esprit au refus de reconnaitre l\u2019\u00e9vidence, au refus de le reconnaitre comme Messie et Sauveur. <\/span><\/span><\/span><\/p>\n<p style=\"text-align: justify;\" align=\"LEFT\">\u00a0<\/p>\n<p style=\"text-align: justify;\" align=\"LEFT\"><span style=\"font-family: Arial, sans-serif;\"><span style=\"font-size: small;\"><span style=\"color: #1b1c20;\">Apr\u00e8s tout, n\u2019est-ce pas l\u00e0 l\u2019un des r\u00f4les de l\u2019Esprit que de convaincre le monde qu\u2019il est p\u00e9cheur <em><span style=\"background-color: #ccffff;\">(Jn 16.8)<\/span><\/em> et qu\u2019il a besoin d\u2019un sauveur ? L\u2019ap\u00f4tre Jean ne s\u2019\u00e9tait pas tromp\u00e9. Tout p\u00e9ch\u00e9 confess\u00e9 \u00e0 Dieu avec un coeur repentant, f\u00fbt-ce un blasph\u00e8me, peut \u00eatre pardonn\u00e9. Chaque fois que l\u2019on confesse notre p\u00e9ch\u00e9, on manifeste notre besoin de Dieu, on reconnait notre d\u00e9sob\u00e9issance envers sa juste loi et on se souvient que J\u00e9sus a pris notre place sur la croix, nous faisant b\u00e9n\u00e9ficier de la gr\u00e2ce divine. <\/span><\/span><\/span><\/p>\n<p style=\"text-align: justify;\" align=\"LEFT\">\u00a0<\/p>\n<p style=\"text-align: justify;\" align=\"LEFT\"><span style=\"font-family: Arial, sans-serif;\"><span style=\"font-size: small;\"><span style=\"color: #1b1c20;\">Mais l\u2019attitude des pharisiens consistait \u00e0 se croire justes gr\u00e2ce \u00e0 leur respect de la loi, n\u2019ayant ainsi pas besoin d\u2019un sauveur qui viendrait prendre leurs p\u00e9ch\u00e9s \u00e0 leur place. Pire, devant l\u2019\u00e9vidence, ils insultent le Fils de Dieu et l\u2019Esprit qui est en lui. Puisqu\u2019ils croient ne pas avoir besoin de pardon, le pardon ne pourra donc pas leur \u00eatre accord\u00e9. Malgr\u00e9 l\u2019\u00e9vidence qui d\u00e9montre que J\u00e9sus est le Messie, ils refusent de le laisser travailler leur coeur. Ils ne laissent pas l\u2019Esprit de Dieu les convaincre de leur p\u00e9ch\u00e9\u2026 <\/span><\/span><\/span><\/p>\n<p style=\"text-align: justify;\" align=\"LEFT\">\u00a0<img loading=\"lazy\" decoding=\"async\" class=\"wp-image-9323 alignright\" src=\"\/wp-content\/uploads\/2016\/01\/epines.jpg\" alt=\"epines\" width=\"399\" height=\"140\" hspace=\"10\" vspace=\"10\" srcset=\"https:\/\/www.servir.caef.net\/wp-content\/uploads\/2016\/01\/epines.jpg 804w, https:\/\/www.servir.caef.net\/wp-content\/uploads\/2016\/01\/epines-300x105.jpg 300w, https:\/\/www.servir.caef.net\/wp-content\/uploads\/2016\/01\/epines-768x269.jpg 768w\" sizes=\"auto, (max-width: 399px) 100vw, 399px\" \/><\/p>\n<p style=\"text-align: justify;\" align=\"LEFT\"><span style=\"font-family: Arial, sans-serif;\"><span style=\"font-size: small;\"><span style=\"color: #1b1c20;\">Nous sommes donc ici devant un public qui refuse d\u2019accepter J\u00e9sus comme son Sauveur, et non devant un public de convertis. F.F. Bruce dit dans son commentaire<strong><sub>1<\/sub><\/strong> sur le passage parall\u00e8le en <em><span style=\"background-color: #ccffff;\">Luc 12.10<\/span><\/em> que l\u2019auteur situe cette parole de J\u00e9sus entre un enseignement sur le r\u00f4le de l\u2019Esprit comme d\u00e9fenseur de ceux qui reconnaissent publiquement son Nom <em><span style=\"background-color: #ccffff;\">(v.8-9)<\/span><\/em> et un soutien \u00e0 ceux qui sont traduits devant des tribunaux afin qu\u2019ils disent les bonnes paroles <em><span style=\"background-color: #ccffff;\">(v.11-12)<\/span><\/em>. Luc semble sugg\u00e9rer l\u2019id\u00e9e que le blasph\u00e8me contre le Saint-Esprit implique un refus de son aide pour \u00e9viter aux disciples de le renier et, ce faisant, d\u2019apostasier. <\/span><\/span><\/span><\/p>\n<p style=\"text-align: justify;\" align=\"LEFT\">\u00a0<\/p>\n<p style=\"text-align: justify;\" align=\"LEFT\"><span style=\"font-family: Arial, sans-serif;\"><span style=\"font-size: small;\"><span style=\"color: #1b1c20;\">C\u2019est \u00e0 son fruit que l\u2019on reconnait un arbre <em><span style=\"background-color: #ccffff;\">(v.33)<\/span><\/em>. L\u2019Esprit s\u2019est pleinement manifest\u00e9 en J\u00e9sus, mais les pharisiens ont refus\u00e9 de le reconnaitre. Leurs propos ont m\u00eame r\u00e9v\u00e9l\u00e9 la haine dont ils \u00e9taient emplis \u00e0 son \u00e9gard. Ils ont refus\u00e9 Dieu, et Dieu les refusera \u00e0 son tour s\u2019ils ne se repentent pas. Bien plus qu\u2019un acte que nous aurions pu commettre, le blasph\u00e8me contre l\u2019Esprit concerne une attitude de coeur, celle de refuser J\u00e9sus comme le Messie malgr\u00e9 l\u2019\u00e9vidence, celle de ne pas laisser l\u2019Esprit de Dieu nous convaincre que nous avons besoin de lui. Et pour ceux qui culpabiliseraient \u00e0 l\u2019id\u00e9e d\u2019avoir peut-\u00eatre commis ce p\u00e9ch\u00e9-l\u00e0, pas d\u2019inqui\u00e9tude. Le simple fait de vous demander si vous n\u2019avez pas p\u00e9ch\u00e9 contre Dieu manifeste par l\u00e0 que vous reconnaissez votre \u00e9tat de p\u00e9cheur et votre besoin du Sauveur. En d\u2019autres termes, que le Saint-Esprit est en train de travailler en vous ! <\/span><\/span><\/span><\/p>\n<p style=\"text-align: justify;\" align=\"LEFT\">\u00a0<\/p>\n<hr \/>\n<p style=\"text-align: justify;\" align=\"LEFT\">NOTES<\/p>\n<p style=\"text-align: justify;\" align=\"LEFT\">\u00a0<\/p>\n<p style=\"text-align: justify;\" align=\"LEFT\"><span style=\"font-family: Arial, sans-serif;\"><span style=\"font-size: small;\"><span style=\"color: #1b1c20;\"><strong>1.<\/strong> F.F. Bruce, <\/span><span style=\"color: #1b1c20;\"><i>The Hard Sayings of Jesus<\/i><\/span><span style=\"color: #1b1c20;\">, London- Sidney, Hodder &amp; Stoughton, 1983.<\/span><\/span><\/span><\/p>\n<p>&nbsp;<\/p>\n","protected":false},"excerpt":{"rendered":"<p>\u00a0 Le p\u00e9ch\u00e9 contre le Saint-Esprit \u00a0 (Mt 12.31) \u00a0 \u00a0 Par David Steinmetz \u00a0 \u00a0 \u00a0 C\u2019est pourquoi je vous dis : tout p\u00e9ch\u00e9, tout blasph\u00e8me sera pardonn\u00e9 aux hommes, mais le blasph\u00e8me contre l\u2019Esprit ne leur sera pas pardonn\u00e9. Celui qui parlera contre le Fils de l\u2019homme, cela lui sera pardonn\u00e9 ; mais [&hellip;]<\/p>\n","protected":false},"author":328,"featured_media":0,"comment_status":"closed","ping_status":"closed","sticky":false,"template":"","format":"standard","meta":{"footnotes":""},"categories":[59,28,74,24],"tags":[],"class_list":["post-9704","post","type-post","status-publish","format-standard","hentry","category-etudes-bibliques","category-jesus-christ","category-peche","category-le-saint-esprit"],"_links":{"self":[{"href":"https:\/\/www.servir.caef.net\/index.php?rest_route=\/wp\/v2\/posts\/9704","targetHints":{"allow":["GET"]}}],"collection":[{"href":"https:\/\/www.servir.caef.net\/index.php?rest_route=\/wp\/v2\/posts"}],"about":[{"href":"https:\/\/www.servir.caef.net\/index.php?rest_route=\/wp\/v2\/types\/post"}],"author":[{"embeddable":true,"href":"https:\/\/www.servir.caef.net\/index.php?rest_route=\/wp\/v2\/users\/328"}],"replies":[{"embeddable":true,"href":"https:\/\/www.servir.caef.net\/index.php?rest_route=%2Fwp%2Fv2%2Fcomments&post=9704"}],"version-history":[{"count":0,"href":"https:\/\/www.servir.caef.net\/index.php?rest_route=\/wp\/v2\/posts\/9704\/revisions"}],"wp:attachment":[{"href":"https:\/\/www.servir.caef.net\/index.php?rest_route=%2Fwp%2Fv2%2Fmedia&parent=9704"}],"wp:term":[{"taxonomy":"category","embeddable":true,"href":"https:\/\/www.servir.caef.net\/index.php?rest_route=%2Fwp%2Fv2%2Fcategories&post=9704"},{"taxonomy":"post_tag","embeddable":true,"href":"https:\/\/www.servir.caef.net\/index.php?rest_route=%2Fwp%2Fv2%2Ftags&post=9704"}],"curies":[{"name":"wp","href":"https:\/\/api.w.org\/{rel}","templated":true}]}}