{"id":9762,"date":"2016-04-06T15:31:24","date_gmt":"2016-04-06T15:31:24","guid":{"rendered":"\/?p=9762"},"modified":"2017-05-18T16:21:24","modified_gmt":"2017-05-18T16:21:24","slug":"priez-pour-ceux-qui-vous-persecutent","status":"publish","type":"post","link":"https:\/\/www.servir.caef.net\/?p=9762","title":{"rendered":"Priez pour ceux qui vous pers\u00e9cutent\u2026"},"content":{"rendered":"<h1 style=\"text-align: center;\">Priez pour ceux qui vous pers\u00e9cutent\u2026<\/h1>\n<p>&nbsp;<\/p>\n<p style=\"text-align: justify;\">\u00a0<\/p>\n<h3 style=\"text-align: center;\" align=\"LEFT\"><span style=\"color: #800000; font-size: 14pt;\">Source : Portes Ouvertes<\/span><\/h3>\n<p>&nbsp;<\/p>\n<p style=\"text-align: justify;\" align=\"LEFT\"><img loading=\"lazy\" decoding=\"async\" class=\"size-full wp-image-2645 aligncenter\" src=\"\/wp-content\/uploads\/2011\/05\/Temoignage.jpg\" alt=\"Temoignage\" width=\"390\" height=\"36\" hspace=\"10\" vspace=\"10\" srcset=\"https:\/\/www.servir.caef.net\/wp-content\/uploads\/2011\/05\/Temoignage.jpg 390w, https:\/\/www.servir.caef.net\/wp-content\/uploads\/2011\/05\/Temoignage-300x27.jpg 300w\" sizes=\"auto, (max-width: 390px) 100vw, 390px\" \/><\/p>\n<p style=\"text-align: justify;\" align=\"LEFT\">\u00a0<\/p>\n<p style=\"text-align: center;\" align=\"LEFT\"><span style=\"font-family: Arial, sans-serif;\"><span style=\"font-size: small;\"><span style=\"color: #000000;\"><span style=\"font-size: 12pt;\">Les quatre t\u00e9moignages suivants nous ont aimablement \u00e9t\u00e9 communiqu\u00e9s par l\u2019association \u00ab Portes Ouvertes \u00bb et illustrent comment, d\u2019une mani\u00e8re extraordinaire, Dieu donne la capacit\u00e9 d\u2019ob\u00e9ir \u00e0 sa loi d\u2019amour.<\/span> <\/span><\/span><\/span><\/p>\n<p style=\"text-align: justify;\" align=\"LEFT\">\u00a0<\/p>\n<p style=\"text-align: justify;\" align=\"LEFT\">\u00a0<\/p>\n<h2 align=\"LEFT\"><em>\u00c9gypte : quand l\u2019\u00c9glise prie pour les assassins<\/em><\/h2>\n<p style=\"text-align: justify;\" align=\"LEFT\">\u00a0<\/p>\n<p style=\"text-align: center;\" align=\"LEFT\"><span style=\"font-family: Arial, sans-serif;\"><span style=\"font-size: small;\"><span style=\"color: #000000;\"><i>Chr\u00e9tiens \u00e9gyptiens en pri\u00e8re <\/i><\/span><\/span><\/span><\/p>\n<p style=\"text-align: justify;\" align=\"LEFT\"><img loading=\"lazy\" decoding=\"async\" class=\"wp-image-9763 aligncenter\" src=\"\/wp-content\/uploads\/2017\/01\/eglise-egypte.jpg\" alt=\"eglise-egypte\" width=\"524\" height=\"315\" srcset=\"https:\/\/www.servir.caef.net\/wp-content\/uploads\/2017\/01\/eglise-egypte.jpg 759w, https:\/\/www.servir.caef.net\/wp-content\/uploads\/2017\/01\/eglise-egypte-300x180.jpg 300w\" sizes=\"auto, (max-width: 524px) 100vw, 524px\" \/><\/p>\n<p style=\"text-align: justify;\" align=\"LEFT\"><span style=\"font-family: Arial, sans-serif;\"><span style=\"font-size: small;\"><span style=\"color: #000000;\"><b>Le 15 f\u00e9vrier 2015, 21 chr\u00e9tiens coptes \u00e9taient d\u00e9capit\u00e9s en Libye par les terroristes de l\u2019organisation \u00c9tat islamique. L\u2019\u00c9glise d\u2019\u00c9gypte a r\u00e9pondu par la pri\u00e8re, ce qui a boulevers\u00e9 le pays. <\/b><\/span><\/span><\/span><\/p>\n<p style=\"text-align: justify;\" align=\"LEFT\">\u00a0<\/p>\n<p style=\"text-align: justify;\" align=\"LEFT\"><span style=\"font-family: Arial, sans-serif;\"><span style=\"font-size: small;\"><span style=\"color: #000000;\">Jusqu\u2019\u00e0 leur dernier souffle, les 21 martyrs ont refus\u00e9 de renier leur foi, pour eux plus pr\u00e9cieuse que la vie. Cet ultime t\u00e9moignage a interpell\u00e9 les chr\u00e9tiens, et la col\u00e8re a fait place \u00e0 la fiert\u00e9. Les pasteurs ont demand\u00e9 \u00e0 l\u2019\u00c9glise de prier pour que les terroristes ouvrent les yeux et se tournent vers Dieu. Alors, dans toute l\u2019\u00c9gypte, une vague de pri\u00e8re s\u2019est \u00e9lev\u00e9e, \u00e9norme, retentissante, pas pour demander vengeance, mais au contraire pour appeler la gr\u00e2ce de Dieu sur les assassins afin que leurs coeurs soient chang\u00e9s. <\/span><\/span><\/span><\/p>\n<p style=\"text-align: justify;\" align=\"LEFT\">\u00a0<\/p>\n<p style=\"text-align: justify;\" align=\"LEFT\"><!--more--><\/p>\n<p style=\"text-align: justify;\" align=\"LEFT\"><span style=\"font-family: Arial, sans-serif;\"><span style=\"font-size: small;\"><span style=\"color: #000000;\">\u00a0\u00a0\u00a0\u00a0\u00a0\u00a0\u00a0\u00a0 <strong><em><a href=\"\/wp-content\/uploads\/2016\/pdf2016\/Servir%202-2016-aimer-ennemis.pdf#page=24\" target=\"_blank\"><img loading=\"lazy\" decoding=\"async\" title=\"iconePDF\" src=\"\/wp-content\/uploads\/2011\/01\/iconePDF.jpg\" alt=\"\" width=\"81\" height=\"76\" align=\"right\" hspace=\"8\" vspace=\"8\" \/><\/a><\/em><\/strong>Plusieurs cha\u00eenes de t\u00e9l\u00e9vision ont interview\u00e9 les proches des victimes. Leurs expressions d\u2019amour et de pardon ont \u00e9mu, d\u00e9livrant en m\u00eame temps un message extr\u00eamement puissant. <\/span><span style=\"color: #000000;\"><i>Le t\u00e9moignage direct de l\u2019amour de Dieu ne pouvait pas \u00eatre mieux communiqu\u00e9 que par les mots des parents des victimes, <\/i><\/span><span style=\"color: #000000;\">reconnaissent les commentateurs. Au Caire, un pasteur s\u2019est \u00e9cri\u00e9 au cours d\u2019un rassemblement de pri\u00e8re : <\/span><span style=\"color: #000000;\"><i>Restons debout pour notre pays. Nous y verrons flotter l\u2019\u00c9vangile d\u2019amour et de paix. La preuve ? La semaine derni\u00e8re, j\u2019ai rencontr\u00e9 deux anciens terroristes impliqu\u00e9s dans la mort de plusieurs chr\u00e9tiens. Le Seigneur a chang\u00e9 leur coeur, et maintenant ils pr\u00eachent l\u2019\u00c9vangile ! <\/i><\/span><\/span><\/span><\/p>\n<p style=\"text-align: justify;\" align=\"LEFT\">\u00a0<\/p>\n<p style=\"text-align: justify;\" align=\"LEFT\">\u00a0<\/p>\n<h2 align=\"LEFT\"><em>Le pardon : une exigence de Dieu <\/em><\/h2>\n<p style=\"text-align: justify;\" align=\"LEFT\">\u00a0<\/p>\n<p style=\"text-align: center;\" align=\"LEFT\"><span style=\"font-family: Arial, sans-serif;\"><span style=\"font-size: small;\"><span style=\"color: #000000;\"><i>N\u00e9h\u00e9mie est parvenu \u00e0 pardonner <\/i><\/span><\/span><\/span><\/p>\n<p style=\"text-align: justify;\" align=\"LEFT\"><img loading=\"lazy\" decoding=\"async\" class=\"wp-image-9764 aligncenter\" src=\"\/wp-content\/uploads\/2017\/01\/temoin-de-dos.jpg\" alt=\"temoin-de-dos\" width=\"387\" height=\"236\" hspace=\"10\" vspace=\"10\" srcset=\"https:\/\/www.servir.caef.net\/wp-content\/uploads\/2017\/01\/temoin-de-dos.jpg 760w, https:\/\/www.servir.caef.net\/wp-content\/uploads\/2017\/01\/temoin-de-dos-300x183.jpg 300w\" sizes=\"auto, (max-width: 387px) 100vw, 387px\" \/><\/p>\n<p style=\"text-align: justify;\" align=\"LEFT\">\u00a0<\/p>\n<p style=\"text-align: justify;\" align=\"LEFT\"><span style=\"font-family: Arial, sans-serif;\"><span style=\"font-size: small;\"><span style=\"color: #000000;\"><b>En Centrafrique, le fr\u00e8re de N\u00e9h\u00e9mie a \u00e9t\u00e9 \u00e9gorg\u00e9 et jet\u00e9 dans un puits. N\u00e9h\u00e9mie, qui est pasteur, a pardonn\u00e9 aux assassins de son plus jeune fr\u00e8re. <\/b><\/span><\/span><\/span><\/p>\n<p style=\"text-align: justify;\" align=\"LEFT\">\u00a0<\/p>\n<p style=\"text-align: justify;\" align=\"LEFT\"><span style=\"font-family: Arial, sans-serif;\"><span style=\"font-size: small;\"><span style=\"color: #000000;\">Peut-on tout pardonner ? Lorsqu\u2019une personne a \u00e9t\u00e9 gravement bless\u00e9e, le pardon devient difficile. Alors est-il vraiment sage de tout pardonner ? Quelqu\u2019un a dit que ne pas pardonner, c\u2019\u00e9tait comme boire du poison. N\u00e9h\u00e9mie est un chr\u00e9tien centrafricain, son fr\u00e8re a \u00e9t\u00e9 l\u00e2chement assassin\u00e9. Pourtant, il a choisi de pardonner. Il nous explique : <\/span><span style=\"color: #000000;\"><i>Le pardon est une exigence de Dieu ; on doit ob\u00e9ir. C\u2019est ce que Dieu veut. Si nous pardonnons aux autres, la Bible dit que notre P\u00e8re qui est aux cieux pardonnera aussi nos p\u00e9ch\u00e9s et nos offenses. Dieu m\u2019a aid\u00e9 \u00e0 pardonner aux bourreaux de mon petit fr\u00e8re qui a \u00e9t\u00e9 \u00e9gorg\u00e9 et jet\u00e9 dans un puits. Les parents voulaient r\u00e9cup\u00e9rer le corps pour l\u2019enterrer dignement. Mais ils n\u2019ont pas pu parce qu\u2019on voulait les tuer \u00e0 coup de fusil. Cela nous a fait beaucoup de mal. Mais quand je suis revenu \u00e0 la Parole de Dieu, il m\u2019a fallu pardonner \u00e0 nos bourreaux. Et nous continuons \u00e0 pardonner, car c\u2019est Dieu qui nous le demande.<\/i><\/span><i> <\/i><\/span><\/span><\/p>\n<p style=\"text-align: justify;\" align=\"LEFT\">\u00a0<\/p>\n<p style=\"text-align: justify;\" align=\"LEFT\">\u00a0<\/p>\n<h2 align=\"LEFT\"><em>Relev\u00e9e gr\u00e2ce au pardon<\/em><\/h2>\n<p style=\"text-align: justify;\" align=\"LEFT\">\u00a0<\/p>\n<p style=\"text-align: center;\" align=\"LEFT\"><span style=\"font-family: Arial, sans-serif;\"><span style=\"font-size: small;\"><span style=\"color: #000000;\"><i>Pauline et son fils George <\/i><\/span><\/span><\/span><\/p>\n<p style=\"text-align: justify;\" align=\"LEFT\"><img loading=\"lazy\" decoding=\"async\" class=\"wp-image-9765 aligncenter\" src=\"\/wp-content\/uploads\/2017\/01\/pauline.jpg\" alt=\"pauline\" width=\"296\" height=\"390\" hspace=\"10\" vspace=\"10\" srcset=\"https:\/\/www.servir.caef.net\/wp-content\/uploads\/2017\/01\/pauline.jpg 851w, https:\/\/www.servir.caef.net\/wp-content\/uploads\/2017\/01\/pauline-228x300.jpg 228w, https:\/\/www.servir.caef.net\/wp-content\/uploads\/2017\/01\/pauline-768x1013.jpg 768w, https:\/\/www.servir.caef.net\/wp-content\/uploads\/2017\/01\/pauline-777x1024.jpg 777w\" sizes=\"auto, (max-width: 296px) 100vw, 296px\" \/><\/p>\n<p style=\"text-align: justify;\" align=\"LEFT\"><span style=\"font-family: Arial, sans-serif;\"><span style=\"font-size: small;\"><span style=\"color: #000000;\"><b>Pauline \u00e9tait enceinte de son troisi\u00e8me enfant lorsque son mari, directeur de la seule librairie chr\u00e9tienne de Gaza, a \u00e9t\u00e9 assassin\u00e9 en 2007. <\/b><\/span><\/span><\/span><\/p>\n<p style=\"text-align: justify;\" align=\"LEFT\">\u00a0<\/p>\n<p style=\"text-align: justify;\" align=\"LEFT\"><span style=\"font-family: Arial, sans-serif;\"><span style=\"font-size: small;\"><span style=\"color: #000000;\">Malgr\u00e9 des ann\u00e9es tr\u00e8s rudes, peu \u00e0 peu elle a re\u00e7u la gu\u00e9rison de son chagrin. <\/span><span style=\"color: #000000;\"><i>On me dit que je suis forte, mais c\u2019est gr\u00e2ce au soutien par la pri\u00e8re<\/i><\/span><span style=\"color: #000000;\">, se souvient Pauline. Dans son cheminement vers la restauration, une \u00e9tape difficile restait \u00e0 franchir : pardonner aux agresseurs de son mari. <\/span><\/span><\/span><\/p>\n<p style=\"text-align: justify;\" align=\"LEFT\"><span style=\"font-family: Arial, sans-serif;\"><span style=\"font-size: small;\"><span style=\"color: #000000;\"><i>\u00a0\u00a0\u00a0\u00a0\u00a0\u00a0\u00a0\u00a0\u00a0\u00a0\u00a0\u00a0 Au d\u00e9but, je bl\u00e2mais Dieu. Je refusais la pens\u00e9e que les meurtriers de mon mari aient acc\u00e8s au salut. Ceux qui me demandaient de prier pour eux ne pouvaient pas comprendre mes \u00e9motions. Il m\u2019a fallu cinq ans pour parvenir au pardon. <\/i><\/span><\/span><\/span><\/p>\n<p style=\"text-align: justify;\" align=\"LEFT\"><span style=\"font-family: Arial, sans-serif;\"><span style=\"font-size: small;\"><span style=\"color: #000000;\">\u00a0\u00a0\u00a0\u00a0\u00a0\u00a0\u00a0\u00a0\u00a0\u00a0\u00a0 Pauline a remarqu\u00e9 qu\u2019\u00e0 l\u2019\u00e9coute de son histoire les gens \u00e9taient fortifi\u00e9s. Aujourd\u2019hui, elle exerce un minist\u00e8re aupr\u00e8s des veuves dans les Territoires palestiniens. <\/span><span style=\"color: #000000;\"><i>Sous la pression \u00e9conomique ou familiale, les veuves sont vuln\u00e9rables. Je leur propose de suivre des cours bibliques ; nous \u00e9tudions les exemples de veuves dans la Bible, nous nous entraidons. Elles se sentent plus fortes, comprises, et plusieurs se sont converties. D\u00e9sormais elles savent qu\u2019elles peuvent se tourner vers Dieu. <\/i><\/span><\/span><\/span><\/p>\n<p style=\"text-align: justify;\" align=\"LEFT\">\u00a0<\/p>\n<p style=\"text-align: justify;\" align=\"LEFT\">\u00a0<\/p>\n<h2 align=\"LEFT\"><em>Aimez vos ennemis<\/em><\/h2>\n<p style=\"text-align: justify;\" align=\"LEFT\">\u00a0<\/p>\n<p style=\"text-align: center;\" align=\"LEFT\"><span style=\"font-family: Arial, sans-serif;\"><span style=\"font-size: small;\"><span style=\"color: #000000;\"><i>Trian Dors <\/i><\/span><\/span><\/span><\/p>\n<p style=\"text-align: justify;\" align=\"LEFT\"><img loading=\"lazy\" decoding=\"async\" class=\"wp-image-9766 aligncenter\" src=\"\/wp-content\/uploads\/2017\/01\/Trian.jpg\" alt=\"trian\" width=\"203\" height=\"297\" hspace=\"10\" vspace=\"10\" srcset=\"https:\/\/www.servir.caef.net\/wp-content\/uploads\/2017\/01\/Trian.jpg 768w, https:\/\/www.servir.caef.net\/wp-content\/uploads\/2017\/01\/Trian-205x300.jpg 205w, https:\/\/www.servir.caef.net\/wp-content\/uploads\/2017\/01\/Trian-699x1024.jpg 699w\" sizes=\"auto, (max-width: 203px) 100vw, 203px\" \/><\/p>\n<p style=\"text-align: justify;\" align=\"LEFT\"><span style=\"font-family: Arial, sans-serif;\"><span style=\"font-size: small;\"><span style=\"color: #000000;\"><b>Trian \u00e9tait responsable d\u2019\u00c9glise en Roumanie sous le communisme. Il a pass\u00e9 de nombreuses ann\u00e9es en prison o\u00f9 il a \u00e9t\u00e9 tortur\u00e9 et battu. <\/b><\/span><\/span><\/span><\/p>\n<p style=\"text-align: justify;\" align=\"LEFT\">\u00a0<\/p>\n<p style=\"text-align: justify;\" align=\"LEFT\"><span style=\"font-family: Arial, sans-serif;\"><span style=\"font-size: small;\"><span style=\"color: #000000;\">Pendant plusieurs ann\u00e9es, la police secr\u00e8te est revenue r\u00e9guli\u00e8rement chez lui. Les officiers le frappaient deux fois par semaine. Ils lui prenaient tous ses papiers. Apr\u00e8s les coups, Trian parlait \u00e0 leur chef. Il le regardait dans les yeux et lui disait : <\/span><span style=\"color: #000000;\"><i>Monsieur, je vous aime. Je veux que vous sachiez que si notre prochaine rencontre se fait devant le tr\u00f4ne de Dieu au jour du jugement, vous irez en enfer non pas parce que je vous aurai ha\u00ef, mais parce que vous aurez refus\u00e9 l\u2019amour manifest\u00e9 pour vous. <\/i><\/span><span style=\"color: #000000;\">Trian r\u00e9p\u00e9tait ces mots apr\u00e8s chaque passage \u00e0 tabac. <\/span><\/span><\/span><\/p>\n<p style=\"text-align: justify;\" align=\"LEFT\"><span style=\"font-family: Arial, sans-serif;\"><span style=\"font-size: small;\"><span style=\"color: #000000;\">\u00a0\u00a0\u00a0\u00a0\u00a0\u00a0\u00a0\u00a0\u00a0\u00a0\u00a0\u00a0\u00a0 Des ann\u00e9es plus tard, cet officier est revenu de nuit, seul. Trian se pr\u00e9parait pour un nouveau passage \u00e0 tabac, mais l\u2019officier s\u2019est adress\u00e9 \u00e0 lui avec gentillesse en lui disant : <\/span><span style=\"color: #000000;\"><i>Monsieur Dors, notre prochaine rencontre sera devant le tr\u00f4ne de Dieu, au jour du jugement. Je suis venu ce soir vous demander pardon pour ce que je vous ai fait et vous dire que votre amour a touch\u00e9 mon coeur. J\u2019ai demand\u00e9 \u00e0 Christ de me sauver. Mais il y a deux jours, le docteur m\u2019a diagnostiqu\u00e9 un grave cancer et il ne me reste que quelques semaines \u00e0 vivre avant de rejoindre Dieu. Ce soir, je suis venu vous dire que nous serons ensemble l\u00e0-haut, du m\u00eame c\u00f4t\u00e9. <\/i><\/span><\/span><\/span><\/p>\n<p style=\"text-align: justify;\" align=\"LEFT\">\u00a0<\/p>\n<table>\n<tbody>\n<tr>\n<td style=\"border-color: #000000;\">\n<p style=\"text-align: justify;\" align=\"LEFT\"><span style=\"font-family: Arial, sans-serif;\"><span style=\"font-size: small;\"><span style=\"color: #000000;\"><b>S\u2019informer pour mieux prier <\/b><\/span><span style=\"color: #000000;\">Chaque semaine, recevez \u00ab le Fil Rouge \u00bb, lettre de nouvelles de l\u2019\u00c9glise pers\u00e9cut\u00e9e, et priez pour les chr\u00e9tiens qui souffrent en raison de leur foi. S\u2019abonner sur : <\/span><span style=\"color: #000000;\"><b><a href=\"http:\/\/www.portesouvertes.fr\/filrouge\">www.portesouvertes.fr\/filrouge<\/a><\/b><\/span><\/span><\/span>\u00a0<\/p>\n<\/td>\n<\/tr>\n<\/tbody>\n<\/table>\n<p style=\"text-align: justify;\" align=\"LEFT\"><span style=\"font-family: Arial, sans-serif;\"><span style=\"font-size: small;\"><span style=\"color: #000000;\"><b>\u00a0<\/b><\/span><\/span><\/span><\/p>\n","protected":false},"excerpt":{"rendered":"<p>Priez pour ceux qui vous pers\u00e9cutent\u2026 &nbsp; \u00a0 Source : Portes Ouvertes &nbsp; \u00a0 Les quatre t\u00e9moignages suivants nous ont aimablement \u00e9t\u00e9 communiqu\u00e9s par l\u2019association \u00ab Portes Ouvertes \u00bb et illustrent comment, d\u2019une mani\u00e8re extraordinaire, Dieu donne la capacit\u00e9 d\u2019ob\u00e9ir \u00e0 sa loi d\u2019amour. \u00a0 \u00a0 \u00c9gypte : quand l\u2019\u00c9glise prie pour les assassins \u00a0 [&hellip;]<\/p>\n","protected":false},"author":339,"featured_media":0,"comment_status":"closed","ping_status":"closed","sticky":false,"template":"","format":"standard","meta":{"footnotes":""},"categories":[87,78,73,35],"tags":[],"class_list":["post-9762","post","type-post","status-publish","format-standard","hentry","category-combat-spirituel","category-epreuves","category-pardon","category-la-priere"],"_links":{"self":[{"href":"https:\/\/www.servir.caef.net\/index.php?rest_route=\/wp\/v2\/posts\/9762","targetHints":{"allow":["GET"]}}],"collection":[{"href":"https:\/\/www.servir.caef.net\/index.php?rest_route=\/wp\/v2\/posts"}],"about":[{"href":"https:\/\/www.servir.caef.net\/index.php?rest_route=\/wp\/v2\/types\/post"}],"author":[{"embeddable":true,"href":"https:\/\/www.servir.caef.net\/index.php?rest_route=\/wp\/v2\/users\/339"}],"replies":[{"embeddable":true,"href":"https:\/\/www.servir.caef.net\/index.php?rest_route=%2Fwp%2Fv2%2Fcomments&post=9762"}],"version-history":[{"count":0,"href":"https:\/\/www.servir.caef.net\/index.php?rest_route=\/wp\/v2\/posts\/9762\/revisions"}],"wp:attachment":[{"href":"https:\/\/www.servir.caef.net\/index.php?rest_route=%2Fwp%2Fv2%2Fmedia&parent=9762"}],"wp:term":[{"taxonomy":"category","embeddable":true,"href":"https:\/\/www.servir.caef.net\/index.php?rest_route=%2Fwp%2Fv2%2Fcategories&post=9762"},{"taxonomy":"post_tag","embeddable":true,"href":"https:\/\/www.servir.caef.net\/index.php?rest_route=%2Fwp%2Fv2%2Ftags&post=9762"}],"curies":[{"name":"wp","href":"https:\/\/api.w.org\/{rel}","templated":true}]}}