{"id":9767,"date":"2016-04-07T13:17:02","date_gmt":"2016-04-07T13:17:02","guid":{"rendered":"\/?p=9767"},"modified":"2017-05-18T16:22:18","modified_gmt":"2017-05-18T16:22:18","slug":"que-faire-pour-les-persecutes","status":"publish","type":"post","link":"https:\/\/www.servir.caef.net\/?p=9767","title":{"rendered":"Que faire pour les pers\u00e9cut\u00e9s ?"},"content":{"rendered":"<h1 style=\"text-align: center;\">Que faire pour les pers\u00e9cut\u00e9s ?<\/h1>\n<p>&nbsp;<\/p>\n<p>&nbsp;<\/p>\n<p><span style=\"color: #800000; font-size: 14pt;\"><strong>Par Marcel Reutenauer<\/strong><\/span><\/p>\n<p><img loading=\"lazy\" decoding=\"async\" class=\"wp-image-9322 alignleft\" src=\"\/wp-content\/uploads\/2016\/01\/reutenauer.jpg\" alt=\"reutenauer\" width=\"140\" height=\"148\" hspace=\"10\" vspace=\"10\" \/><\/p>\n<p align=\"LEFT\">\u00a0<\/p>\n<p style=\"text-align: center;\" align=\"LEFT\">\u00a0<\/p>\n<p style=\"text-align: center;\" align=\"LEFT\">\u00a0<\/p>\n<p style=\"text-align: center;\" align=\"LEFT\"><span style=\"font-family: Arial, sans-serif;\"><span style=\"font-size: small;\"><span style=\"color: #000000;\">Que ce soit par des oeuvres chr\u00e9tiennes <\/span><span style=\"color: #000000;\">telles que \u00ab Portes Ouvertes \u00bb ou par les divers m\u00e9dias qui, heureusement, en ont pris conscience depuis quelques ann\u00e9es, nous sommes r\u00e9guli\u00e8rement inform\u00e9s des discriminations et des pers\u00e9cutions subies par beaucoup de chr\u00e9tiens dans le monde. <\/span><\/span><\/span><\/p>\n<p align=\"LEFT\">\u00a0<\/p>\n<p align=\"LEFT\"><!--more--><\/p>\n<p style=\"text-align: justify;\" align=\"LEFT\">\u00a0<\/p>\n<p style=\"text-align: justify;\" align=\"LEFT\">\u00a0<\/p>\n<p style=\"text-align: justify;\" align=\"LEFT\"><span style=\"font-family: Arial, sans-serif;\"><span style=\"font-size: small;\"><span style=\"color: #000000;\"><strong><em><a href=\"\/wp-content\/uploads\/2016\/pdf2016\/Servir%202-2016-aimer-ennemis.pdf#page=26\" target=\"_blank\"><img loading=\"lazy\" decoding=\"async\" title=\"iconePDF\" src=\"\/wp-content\/uploads\/2011\/01\/iconePDF.jpg\" alt=\"\" width=\"81\" height=\"76\" align=\"right\" hspace=\"8\" vspace=\"8\" \/><\/a><\/em><\/strong>Que ce soit en \u00c9thiopie, au Soudan, au Nigeria, dans la plupart des pays musulmans ainsi qu\u2019en Inde, en Chine ou en Cor\u00e9e du Nord, de nombreux chr\u00e9tiens subissent la mort ou des r\u00e9pressions qui nous scandalisent et nous interpellent. <\/span><\/span><\/span><\/p>\n<p style=\"text-align: justify;\" align=\"LEFT\">\u00a0<\/p>\n<p style=\"text-align: justify;\" align=\"LEFT\"><span style=\"font-family: Arial, sans-serif;\"><span style=\"font-size: small;\"><span style=\"color: #000000;\">Que faire ? \u00c9cartons tout de suite et clairement le recours \u00e0 l\u2019action violente. Celle-ci rel\u00e8ve du pouvoir des gouvernements si elle s\u2019av\u00e8re n\u00e9cessaire ; ils ont re\u00e7u le pouvoir du glaive <em><span style=\"background-color: #ccffff;\">(Rm 13.1 -4)<\/span><\/em> et la charge de faire respecter la justice. Si dans l\u2019AT le peuple d\u2019Isra\u00ebl \u00e9tait appel\u00e9 \u00e0 combattre physiquement les peuples adorateurs d\u2019idoles et ennemis de Dieu, il n\u2019en est plus ainsi dans la Nouvelle Alliance o\u00f9 r\u00e9sonne cette parole de J\u00e9sus : <\/span><em><span style=\"color: #000000; background-color: #ccffff;\">Aimez vos ennemis ! <\/span><\/em><span style=\"color: #000000;\"><em><span style=\"background-color: #ccffff;\">(Mt 5.44)<\/span><\/em> qui se poursuit par : <\/span><span style=\"color: #000000;\"><i><span style=\"background-color: #ccffff;\">B\u00e9nissez ceux qui vous maudissent, faites du bien \u00e0 ceux qui vous ha\u00efssent, et priez pour ceux qui vous maltraitent et qui vous pers\u00e9cutent<\/span>. <\/i><\/span><span style=\"color: #000000;\">En effet, Dieu <\/span><span style=\"background-color: #ccffff;\"><em><span style=\"color: #000000;\">veut que tous les hommes soient sauv\u00e9s et parviennent \u00e0 la connaissance de la v\u00e9rit\u00e9 <\/span><\/em><\/span><span style=\"color: #000000;\"><span style=\"background-color: #ccffff;\"><em>(1 Tm 2.4)<\/em><\/span>. <\/span><\/span><\/span><\/p>\n<p style=\"text-align: justify;\" align=\"LEFT\">\u00a0<\/p>\n<p style=\"text-align: justify;\" align=\"LEFT\"><span style=\"font-family: Arial, sans-serif;\"><span style=\"font-size: small;\"><span style=\"color: #000000;\">En m\u00eame temps, la communion d\u2019Esprit avec les fr\u00e8res et soeurs qui souffrent pour leur foi en J\u00e9sus-Christ ne peut nous laisser indiff\u00e9rents. La Parole de Dieu nous invite \u00e0 la solidarit\u00e9 : <\/span><em><span style=\"color: #000000; background-color: #ccffff;\">Si une partie du corps souffre, toutes les autres parties souffrent avec elle <\/span><\/em><span style=\"color: #000000;\"><em><span style=\"background-color: #ccffff;\">(1 Co 12.26)<\/span><\/em> et <\/span><em><span style=\"color: #000000; background-color: #ccffff;\">Souvenez-vous des prisonniers, comme si vous \u00e9tiez aussi prisonniers ; de ceux qui sont maltrait\u00e9s, comme \u00e9tant aussi vous-m\u00eames dans un corps <\/span><\/em><span style=\"color: #000000;\"><em><span style=\"background-color: #ccffff;\">(H\u00e9 13.3)<\/span><\/em>. Et nous pouvons manifester cela de diverses mani\u00e8res. <\/span><\/span><\/span><\/p>\n<p style=\"text-align: justify;\" align=\"LEFT\">\u00a0<\/p>\n<p style=\"text-align: justify;\" align=\"LEFT\">\u00a0<\/p>\n<h2 align=\"LEFT\"><em>1. Prier pour les pers\u00e9cut\u00e9s<\/em><\/h2>\n<p style=\"text-align: justify;\" align=\"LEFT\">\u00a0<\/p>\n<p style=\"text-align: justify;\" align=\"LEFT\"><span style=\"font-family: Arial, sans-serif;\"><span style=\"font-size: small;\"><span style=\"color: #000000;\">Selon \u00ab Portes Ouvertes \u00bb, prier est souvent la premi\u00e8re chose que les chr\u00e9tiens pers\u00e9cut\u00e9s demandent de faire. Nous-m\u00eames ne prions-nous pas tout particuli\u00e8rement lorsque les circonstances sont adverses ? Et la Bible nous y encourage clairement : <\/span><em><span style=\"color: #000000; background-color: #ccffff;\">En toutes circonstances, faites toutes sortes de pri\u00e8res et de requ\u00eates sous la conduite de l\u2019Esprit. Faites-le avec vigilance et constance, et interc\u00e9dez pour tous ceux qui appartiennent \u00e0 Dieu <\/span><\/em><span style=\"color: #000000;\"><em><span style=\"background-color: #ccffff;\">(\u00c9p 6.18)<\/span><\/em>. <\/span><\/span><\/span><\/p>\n<p style=\"text-align: justify;\" align=\"LEFT\">\u00a0<\/p>\n<p style=\"text-align: justify;\" align=\"LEFT\"><span style=\"font-family: Arial, sans-serif;\"><span style=\"font-size: small;\"><span style=\"color: #000000;\">Il y a l\u00e0 un r\u00e9el minist\u00e8re \u00e0 exercer en faveur de ceux qui sont pers\u00e9cut\u00e9s, \u00e0 l\u2019exemple de l\u2019\u00c9glise de J\u00e9rusalem lorsque l\u2019ap\u00f4tre Pierre avait \u00e9t\u00e9 jet\u00e9 en prison <em><span style=\"background-color: #ccffff;\">(Ac 12.3-17)<\/span><\/em> ou de l\u2019ap\u00f4tre Paul qui demande aux chr\u00e9tiens de Colosses : <\/span><em><span style=\"color: #000000; background-color: #ccffff;\">Ne m\u2019oubliez pas alors que je suis en prison <\/span><\/em><span style=\"color: #000000;\"><em><span style=\"background-color: #ccffff;\">(Col 4.18)<\/span><\/em>. <\/span><\/span><\/span><\/p>\n<p style=\"text-align: justify;\" align=\"LEFT\">\u00a0<\/p>\n<p style=\"text-align: justify;\" align=\"LEFT\">\u00a0<\/p>\n<h2 align=\"LEFT\"><em>2. \u00c9crire des cartes ou des lettres de soutien<\/em><\/h2>\n<p style=\"text-align: justify;\" align=\"LEFT\">\u00a0<\/p>\n<p style=\"text-align: justify;\" align=\"LEFT\"><span style=\"font-family: Arial, sans-serif;\"><span style=\"font-size: small;\"><span style=\"color: #000000;\">\u00c0 la lecture de la <span style=\"background-color: #ccffff;\"><em>1\u00e8re \u00e9pitre aux Thessaloniciens (3.1-7)<\/em><\/span>, nous saisissons <\/span><span style=\"color: #000000;\">combien il \u00e9tait pr\u00e9cieux pour l\u2019ap\u00f4tre Paul d\u2019avoir des nouvelles de cette \u00c9glise et d\u2019en donner lui-m\u00eame. <\/span><\/span><\/span><\/p>\n<p style=\"text-align: justify;\" align=\"LEFT\">\u00a0<\/p>\n<p style=\"text-align: justify;\" align=\"LEFT\"><span style=\"font-family: Arial, sans-serif;\"><span style=\"font-size: small;\"><span style=\"color: #000000;\">Une carte ou une lettre apportent du r\u00e9confort, de l\u2019espoir et des forces nouvelles aux chr\u00e9tiens qui souffrent \u00e0 cause de leur foi. Ce moyen de communication est important. En effet, ils n\u2019ont pas r\u00e9guli\u00e8rement acc\u00e8s \u00e0 Internet, le courrier postal reste l\u2019un des moyens les plus s\u00fbrs pour les atteindre. Et le courrier que ces chr\u00e9tiens re\u00e7oivent1 est aussi un t\u00e9moignage pour leur entourage qui se rend ainsi compte qu\u2019ils ont des amis dans d\u2019autres parties du monde. <\/span><\/span><\/span><\/p>\n<p style=\"text-align: justify;\" align=\"LEFT\">\u00a0<\/p>\n<p style=\"text-align: justify;\" align=\"LEFT\"><span style=\"font-family: Arial, sans-serif;\"><span style=\"font-size: small;\"><span style=\"color: #000000;\">Il faut bien s\u00fbr faire l\u2019effort d\u2019\u00e9crire dans une langue parl\u00e9e dans le pays ; ce sera souvent l\u2019anglais ou l\u2019espagnol selon le cas. <\/span><\/span><\/span><\/p>\n<p style=\"text-align: justify;\" align=\"LEFT\">\u00a0<\/p>\n<p style=\"text-align: justify;\" align=\"LEFT\"><span style=\"font-family: Arial, sans-serif;\"><span style=\"font-size: small;\"><span style=\"color: #000000;\">Celui qui est pers\u00e9cut\u00e9 n\u2019attend pas qu\u2019on le plaigne, mais a besoin d\u2019encouragements. En citant quelques versets de la Bible, nous pouvons \u00eatre certains d\u2019adresser un message utile : r\u00e9confortant et \u00e9difiant \u00e0 la fois. <\/span><\/span><\/span><\/p>\n<p style=\"text-align: justify;\" align=\"LEFT\">\u00a0<\/p>\n<p style=\"text-align: justify;\" align=\"LEFT\"><span style=\"font-family: Arial, sans-serif;\"><span style=\"font-size: small;\"><span style=\"color: #000000;\">Mais il faut \u00eatre conscient des questions de s\u00e9curit\u00e9 et ne pas aggraver les conditions de vie de nos fr\u00e8res et soeurs par des propos critiques \u00e0 l\u2019\u00e9gard des autorit\u00e9s ou de la religion du pays. Il ne faut pas non plus mentionner des organismes tels que \u00ab Portes Ouvertes \u00bb et signer simplement de son pr\u00e9nom et de son pays. <\/span><\/span><\/span><\/p>\n<p style=\"text-align: justify;\" align=\"LEFT\">\u00a0<\/p>\n<p style=\"text-align: justify;\" align=\"LEFT\">\u00a0<\/p>\n<h2 align=\"LEFT\"><em>3. Participer \u00e0 des p\u00e9titions<\/em><\/h2>\n<p style=\"text-align: justify;\" align=\"LEFT\">\u00a0<\/p>\n<p style=\"text-align: justify;\" align=\"LEFT\"><span style=\"font-family: Arial, sans-serif;\"><span style=\"font-size: small;\"><span style=\"color: #000000;\">Les chr\u00e9tiens pers\u00e9cut\u00e9s n\u2019ont que les chr\u00e9tiens des pays libres pour d\u00e9noncer l\u2019injustice qu\u2019ils subissent et interpeller les gouvernements et autres autorit\u00e9s politiques sur leur situation. <\/span><\/span><\/span><\/p>\n<p style=\"text-align: justify;\" align=\"LEFT\">\u00a0<\/p>\n<p style=\"text-align: justify;\" align=\"LEFT\"><span style=\"font-family: Arial, sans-serif;\"><span style=\"font-size: small;\"><span style=\"color: #000000;\">Il est important de profiter de notre libert\u00e9 pour \u00eatre la voix de ceux qui n\u2019ont pas voix au chapitre. D\u2019abord pour affirmer que nous savons ce qui se passe et pour \u00eatre solidaires avec ceux qui subissent des injustices. Une personne qui fait l\u2019objet d\u2019une campagne de p\u00e9tition prend de l\u2019importance, elle n\u2019est plus seule. Son cas devient plus compliqu\u00e9 \u00e0 g\u00e9rer, l\u2019injustice \u00e9clate au grand jour. La personne qu\u2019on poursuit en raison de sa foi sera, dans bien des cas, mieux trait\u00e9e en prison. Les gardiens feront plus attention, arr\u00eateront de la battre. Le gouvernement responsable tentera de r\u00e9gler l\u2019affaire pour en sortir la t\u00eate haute. <\/span><\/span><\/span><\/p>\n<p style=\"text-align: justify;\" align=\"LEFT\">\u00a0<\/p>\n<p style=\"text-align: justify;\" align=\"LEFT\"><span style=\"font-family: Arial, sans-serif;\"><span style=\"font-size: small;\"><span style=\"color: #000000;\">Participer \u00e0 des p\u00e9titions permet de d\u00e9fendre les chr\u00e9tiens pers\u00e9cut\u00e9s ! <\/span><\/span><\/span><\/p>\n<p style=\"text-align: justify;\" align=\"LEFT\">\u00a0<\/p>\n<p style=\"text-align: justify;\" align=\"LEFT\">\u00a0<\/p>\n<h2 align=\"LEFT\"><em>4. Contribuer au financement d\u2019actions en faveur des pers\u00e9cut\u00e9s<\/em><\/h2>\n<p style=\"text-align: justify;\" align=\"LEFT\">\u00a0<\/p>\n<p style=\"text-align: justify;\" align=\"LEFT\"><span style=\"font-family: Arial, sans-serif;\"><span style=\"font-size: small;\"><span style=\"color: #000000;\">La pri\u00e8re nous engage souvent \u00e0 une action concr\u00e8te. Tr\u00e8s souvent, la pers\u00e9cution entraine une impossibilit\u00e9 de travailler, de scolariser les enfants, etc. Dans les cas extr\u00eames, si les maisons sont br\u00fbl\u00e9es ou d\u00e9truites, des aides sont n\u00e9cessaires pour reconstruire ; \u00e9ventuellement m\u00eame dans une autre r\u00e9gion. <\/span><\/span><\/span><\/p>\n<p style=\"text-align: justify;\" align=\"LEFT\">\u00a0<\/p>\n<p style=\"text-align: justify;\" align=\"LEFT\"><span style=\"font-family: Arial, sans-serif;\"><span style=\"font-size: small;\"><span style=\"color: #000000;\">Les dons sont donc essentiels pour pouvoir fortifier les chr\u00e9tiens pers\u00e9cut\u00e9s. <\/span><\/span><\/span><\/p>\n<p style=\"text-align: justify;\" align=\"LEFT\">\u00a0<\/p>\n<p style=\"text-align: justify;\" align=\"LEFT\">\u00a0<\/p>\n<h2 align=\"LEFT\"><em>5. Visiter les pays o\u00f9 les chr\u00e9tiens sont pers\u00e9cut\u00e9s<\/em><\/h2>\n<p style=\"text-align: justify;\" align=\"LEFT\">\u00a0<\/p>\n<p style=\"text-align: justify;\" align=\"LEFT\"><span style=\"font-family: Arial, sans-serif;\"><span style=\"font-size: small;\"><span style=\"color: #000000;\">\u00c0 condition d\u2019avoir suivi une pr\u00e9paration ad\u00e9quate, il est possible de visiter les pays o\u00f9 les chr\u00e9tiens sont pers\u00e9cut\u00e9s en vue de prier, les encourager, les \u00e9quiper et les fortifier.<\/span><\/span><\/span><\/p>\n<p style=\"text-align: justify;\" align=\"LEFT\">\u00a0<\/p>\n<hr \/>\n<p style=\"text-align: justify;\" align=\"LEFT\">\u00a0<\/p>\n<p style=\"text-align: justify;\" align=\"LEFT\">NOTES<\/p>\n<p style=\"text-align: justify;\" align=\"LEFT\">\u00a0<\/p>\n<p style=\"text-align: justify;\" align=\"LEFT\"><span style=\"font-family: Arial; font-size: small;\"><strong>1.<\/strong> Comme il est rare d\u2019avoir l\u2019adresse postale de chr\u00e9tiens pers\u00e9cut\u00e9s, les courriers sont \u00e0 adresser \u00e0 \u00ab Portes Ouvertes \u00bb qui les transmettra.<\/span><\/p>\n<p style=\"text-align: justify;\">\u00a0<\/p>\n<p>&nbsp;<\/p>\n","protected":false},"excerpt":{"rendered":"<p>Que faire pour les pers\u00e9cut\u00e9s ? &nbsp; &nbsp; Par Marcel Reutenauer \u00a0 \u00a0 \u00a0 Que ce soit par des oeuvres chr\u00e9tiennes telles que \u00ab Portes Ouvertes \u00bb ou par les divers m\u00e9dias qui, heureusement, en ont pris conscience depuis quelques ann\u00e9es, nous sommes r\u00e9guli\u00e8rement inform\u00e9s des discriminations et des pers\u00e9cutions subies par beaucoup de chr\u00e9tiens [&hellip;]<\/p>\n","protected":false},"author":22,"featured_media":0,"comment_status":"closed","ping_status":"closed","sticky":false,"template":"","format":"standard","meta":{"footnotes":""},"categories":[79,87,9,35],"tags":[],"class_list":["post-9767","post","type-post","status-publish","format-standard","hentry","category-amour","category-combat-spirituel","category-oeuvres-et-missions","category-la-priere"],"_links":{"self":[{"href":"https:\/\/www.servir.caef.net\/index.php?rest_route=\/wp\/v2\/posts\/9767","targetHints":{"allow":["GET"]}}],"collection":[{"href":"https:\/\/www.servir.caef.net\/index.php?rest_route=\/wp\/v2\/posts"}],"about":[{"href":"https:\/\/www.servir.caef.net\/index.php?rest_route=\/wp\/v2\/types\/post"}],"author":[{"embeddable":true,"href":"https:\/\/www.servir.caef.net\/index.php?rest_route=\/wp\/v2\/users\/22"}],"replies":[{"embeddable":true,"href":"https:\/\/www.servir.caef.net\/index.php?rest_route=%2Fwp%2Fv2%2Fcomments&post=9767"}],"version-history":[{"count":0,"href":"https:\/\/www.servir.caef.net\/index.php?rest_route=\/wp\/v2\/posts\/9767\/revisions"}],"wp:attachment":[{"href":"https:\/\/www.servir.caef.net\/index.php?rest_route=%2Fwp%2Fv2%2Fmedia&parent=9767"}],"wp:term":[{"taxonomy":"category","embeddable":true,"href":"https:\/\/www.servir.caef.net\/index.php?rest_route=%2Fwp%2Fv2%2Fcategories&post=9767"},{"taxonomy":"post_tag","embeddable":true,"href":"https:\/\/www.servir.caef.net\/index.php?rest_route=%2Fwp%2Fv2%2Ftags&post=9767"}],"curies":[{"name":"wp","href":"https:\/\/api.w.org\/{rel}","templated":true}]}}