{"id":9818,"date":"2016-07-11T14:58:32","date_gmt":"2016-07-11T14:58:32","guid":{"rendered":"\/?p=9818"},"modified":"2017-02-11T15:11:34","modified_gmt":"2017-02-11T15:11:34","slug":"une-etape-importante-la-fac-de-vaux-a-50-ans","status":"publish","type":"post","link":"https:\/\/www.servir.caef.net\/?p=9818","title":{"rendered":"Une \u00e9tape importante : La Fac de Vaux a 50 ans"},"content":{"rendered":"<h1 style=\"text-align: center;\">Une \u00e9tape importante : La Fac de Vaux a 50 ans<\/h1>\n<p style=\"text-align: justify;\">\u00a0<\/p>\n<p style=\"text-align: justify;\">\u00a0<\/p>\n<p><center><\/p>\n<table>\n<tbody>\n<tr>\n<td valign=\"top\"><img loading=\"lazy\" decoding=\"async\" class=\" wp-image-9819 alignleft\" src=\"\/wp-content\/uploads\/2016\/07\/flte1.jpg\" alt=\"flte1\" width=\"244\" height=\"152\" srcset=\"https:\/\/www.servir.caef.net\/wp-content\/uploads\/2016\/07\/flte1.jpg 379w, https:\/\/www.servir.caef.net\/wp-content\/uploads\/2016\/07\/flte1-300x187.jpg 300w\" sizes=\"auto, (max-width: 244px) 100vw, 244px\" \/><\/td>\n<td valign=\"top\"><img loading=\"lazy\" decoding=\"async\" class=\"size-full wp-image-9820 alignright\" src=\"\/wp-content\/uploads\/2016\/07\/flte2.jpg\" alt=\"flte2\" width=\"380\" height=\"152\" srcset=\"https:\/\/www.servir.caef.net\/wp-content\/uploads\/2016\/07\/flte2.jpg 380w, https:\/\/www.servir.caef.net\/wp-content\/uploads\/2016\/07\/flte2-300x120.jpg 300w\" sizes=\"auto, (max-width: 380px) 100vw, 380px\" \/><\/td>\n<\/tr>\n<\/tbody>\n<\/table>\n<p><\/center><\/p>\n<p style=\"text-align: justify;\">\u00a0<img loading=\"lazy\" decoding=\"async\" class=\"size-full wp-image-9822 aligncenter\" src=\"\/wp-content\/uploads\/2016\/07\/flte3.jpg\" alt=\"flte3\" width=\"380\" height=\"152\" srcset=\"https:\/\/www.servir.caef.net\/wp-content\/uploads\/2016\/07\/flte3.jpg 380w, https:\/\/www.servir.caef.net\/wp-content\/uploads\/2016\/07\/flte3-300x120.jpg 300w\" sizes=\"auto, (max-width: 380px) 100vw, 380px\" \/><\/p>\n<p style=\"text-align: justify;\">\u00a0<\/p>\n<p style=\"text-align: justify;\" align=\"LEFT\"><span style=\"color: #000000;\"><span style=\"font-family: Arial, sans-serif;\"><span style=\"font-size: small;\">Le Colloque de fin d\u2019ann\u00e9e de la Facult\u00e9 Libre de Th\u00e9ologie \u00c9vang\u00e9lique (FLTE) a eu lieu les 3 et 4 juin 2016, mais cette ann\u00e9e \u00e9tait particuli\u00e8re puisqu\u2019il s\u2019est inscrit dans le programme des manifestations du cinquantenaire de la FLTE. <\/span><\/span><\/span><\/p>\n<p style=\"text-align: justify;\" align=\"LEFT\"><span style=\"color: #000000;\"><span style=\"font-family: Arial, sans-serif;\"><span style=\"font-size: small;\">50 ans d\u2019enseignement, c\u2019est une \u00e9tape marquante ! <\/span><\/span><\/span><\/p>\n<p style=\"text-align: justify;\" align=\"LEFT\">\u00a0<\/p>\n<p style=\"text-align: justify;\" align=\"LEFT\"><!--more--><\/p>\n<p style=\"text-align: justify;\" align=\"LEFT\"><span style=\"color: #000000;\"><span style=\"font-family: Arial, sans-serif;\"><span style=\"font-size: small;\"><a href=\"\/wp-content\/uploads\/2016\/pdf2016\/Servir%203-2016-psaumes.pdf#page=36\" target=\"_blank\"><img loading=\"lazy\" decoding=\"async\" title=\"iconePDF\" src=\"\/wp-content\/uploads\/2011\/01\/iconePDF.jpg\" alt=\"\" width=\"81\" height=\"76\" align=\"right\" hspace=\"8\" vspace=\"8\" \/><\/a>Ayant pour th\u00e8me \u00ab \u00c9vang\u00e9liques en d\u00e9bat : mutation des identit\u00e9s et \u00e9volutions th\u00e9ologiques \u00bb, le Colloque a \u00e9t\u00e9 l\u2019occasion de faire le point :<\/span><\/span><\/span><\/p>\n<p style=\"text-align: justify;\" align=\"LEFT\"><span style=\"color: #000000;\"><span style=\"font-family: Arial, sans-serif;\"><span style=\"font-size: small;\">\u00a0\u00a0 &#8211; d\u2019une part sur ces grandes mutations, notamment en Am\u00e9rique du Nord, sur le continent africain, au Moyen-Orient et en Europe francophone ; <\/span><\/span><\/span><\/p>\n<p style=\"text-align: justify;\" align=\"LEFT\"><span style=\"color: #000000;\"><span style=\"font-family: Arial, sans-serif;\"><span style=\"font-size: small;\">\u00a0 &#8211; d\u2019autre part sur certaines des principales \u00e9volutions qui ont marqu\u00e9 les diff\u00e9rentes disciplines th\u00e9ologiques chez les \u00e9vang\u00e9liques en Nouveau Testament, th\u00e9ologie syst\u00e9matique, th\u00e9ologie pratique et spiritualit\u00e9. <\/span><\/span><\/span><\/p>\n<p style=\"text-align: justify;\" align=\"LEFT\">\u00a0<\/p>\n<p style=\"text-align: justify;\" align=\"LEFT\"><span style=\"color: #000000;\"><span style=\"font-family: Arial, sans-serif;\"><span style=\"font-size: small;\">Les festivit\u00e9s du cinquantenaire se sont d\u00e9roul\u00e9es devant un public nombreux qui a pu prendre place dehors malgr\u00e9 un temps mitig\u00e9, mais sans pluie ! <\/span><\/span><\/span><\/p>\n<p style=\"text-align: justify;\" align=\"LEFT\"><span style=\"color: #000000;\"><span style=\"font-family: Arial, sans-serif;\"><span style=\"font-size: small;\">Le doyen de la FLTE, Jacques Buchhold a pr\u00e9sent\u00e9 le parcours du cinquantenaire avant de donner la parole au Maire de Vaux-sur-Seine, non sans avoir soulign\u00e9 auparavant que la FLTE, couramment nomm\u00e9e Fac de Vaux, fait rayonner le nom de la ville dans le monde entier ! Sur le site et dans les diff\u00e9rentes salles, on pouvait retrouver 50 ans d\u2019histoire en photos, d\u00e9pliants d\u2019informations, mais aussi d\u00e9couvrir les cours comme si vous y \u00e9tiez (en vid\u00e9o), le e-learning, les projets de r\u00e9habilitation et d\u2019agrandissement, ou encore visiter la biblioth\u00e8que, le Foyer, les stands de librairies et l\u2019exposition artistique de J.R. Sassandra. <\/span><\/span><\/span><\/p>\n<p style=\"text-align: justify;\" align=\"LEFT\">\u00a0<\/p>\n<p style=\"text-align: justify;\" align=\"LEFT\"><span style=\"color: #000000;\"><span style=\"font-family: Arial, sans-serif;\"><span style=\"font-size: small;\">En fin d\u2019apr\u00e8s-midi, une c\u00e9r\u00e9monie de reconnaissance avec des t\u00e9moignages d\u2019anciens \u00e9tudiants, de M. Henri Blocher (un des premiers professeurs), une pr\u00e9dication d\u2019Alain Nisus, la remise des dipl\u00f4mes aux \u00e9tudiants sortants et enfin les perspectives d\u2019avenir, a apport\u00e9 sa part de r\u00e9jouissances et d\u2019\u00e9motions. <\/span><\/span><\/span><\/p>\n<p style=\"text-align: justify;\" align=\"LEFT\">\u00a0<\/p>\n<p style=\"text-align: justify;\" align=\"LEFT\"><span style=\"color: #000000;\"><span style=\"font-family: Arial, sans-serif;\"><span style=\"font-size: small;\">Cette belle journ\u00e9e s\u2019est termin\u00e9e par un ap\u00e9ritif d\u00eenatoire bien garni favorisant des \u00e9changes fraternels sympathiques avec la vue du terrain, les bancs les pieds dans l\u2019eau et les arbres disparaissant dans la crue de la Seine ! <\/span><\/span><\/span><\/p>\n<p style=\"text-align: justify;\" align=\"LEFT\">\u00a0<\/p>\n<p style=\"text-align: justify;\" align=\"LEFT\"><span style=\"color: #000000;\"><span style=\"font-family: Arial, sans-serif;\"><span style=\"font-size: small;\">FL<\/span><\/span><\/span><\/p>\n","protected":false},"excerpt":{"rendered":"<p>Une \u00e9tape importante : La Fac de Vaux a 50 ans \u00a0 \u00a0 \u00a0 \u00a0 Le Colloque de fin d\u2019ann\u00e9e de la Facult\u00e9 Libre de Th\u00e9ologie \u00c9vang\u00e9lique (FLTE) a eu lieu les 3 et 4 juin 2016, mais cette ann\u00e9e \u00e9tait particuli\u00e8re puisqu\u2019il s\u2019est inscrit dans le programme des manifestations du cinquantenaire de la FLTE. [&hellip;]<\/p>\n","protected":false},"author":10,"featured_media":0,"comment_status":"closed","ping_status":"closed","sticky":false,"template":"","format":"standard","meta":{"footnotes":""},"categories":[84,81],"tags":[],"class_list":["post-9818","post","type-post","status-publish","format-standard","hentry","category-fete","category-formation"],"_links":{"self":[{"href":"https:\/\/www.servir.caef.net\/index.php?rest_route=\/wp\/v2\/posts\/9818","targetHints":{"allow":["GET"]}}],"collection":[{"href":"https:\/\/www.servir.caef.net\/index.php?rest_route=\/wp\/v2\/posts"}],"about":[{"href":"https:\/\/www.servir.caef.net\/index.php?rest_route=\/wp\/v2\/types\/post"}],"author":[{"embeddable":true,"href":"https:\/\/www.servir.caef.net\/index.php?rest_route=\/wp\/v2\/users\/10"}],"replies":[{"embeddable":true,"href":"https:\/\/www.servir.caef.net\/index.php?rest_route=%2Fwp%2Fv2%2Fcomments&post=9818"}],"version-history":[{"count":0,"href":"https:\/\/www.servir.caef.net\/index.php?rest_route=\/wp\/v2\/posts\/9818\/revisions"}],"wp:attachment":[{"href":"https:\/\/www.servir.caef.net\/index.php?rest_route=%2Fwp%2Fv2%2Fmedia&parent=9818"}],"wp:term":[{"taxonomy":"category","embeddable":true,"href":"https:\/\/www.servir.caef.net\/index.php?rest_route=%2Fwp%2Fv2%2Fcategories&post=9818"},{"taxonomy":"post_tag","embeddable":true,"href":"https:\/\/www.servir.caef.net\/index.php?rest_route=%2Fwp%2Fv2%2Ftags&post=9818"}],"curies":[{"name":"wp","href":"https:\/\/api.w.org\/{rel}","templated":true}]}}