{"id":9830,"date":"2016-10-11T16:28:56","date_gmt":"2016-10-11T16:28:56","guid":{"rendered":"\/?p=9830"},"modified":"2017-05-18T15:43:43","modified_gmt":"2017-05-18T15:43:43","slug":"conference-2-les-fruits-de-la-satisfaction-jean-4-27-42","status":"publish","type":"post","link":"https:\/\/www.servir.caef.net\/?p=9830","title":{"rendered":"Conf\u00e9rence 2: Les fruits de la satisfaction &#8211; Jean 4.27-42"},"content":{"rendered":"<h1 style=\"text-align: center;\">Conf\u00e9rence 2:<\/h1>\n<h1 style=\"text-align: center;\">\u00a0<\/h1>\n<h1 style=\"text-align: center;\">Les fruits de la satisfaction &#8211; <em><span style=\"background-color: #ccffff;\">Jean 4.27-42<\/span><\/em><\/h1>\n<p>&nbsp;<\/p>\n<h3 style=\"text-align: center;\">\u00a0<\/h3>\n<p>&nbsp;<\/p>\n<p><span style=\"font-size: 14pt;\"><strong><span style=\"color: #800000;\">Par Jonathan SPENCER<sub>1 &#8211; <\/sub><\/span><\/strong><\/span>Texte condens\u00e9 par Fran\u00e7oise Lombet<\/p>\n<p><img loading=\"lazy\" decoding=\"async\" class=\"wp-image-9828 alignleft\" src=\"\/wp-content\/uploads\/2017\/02\/jonathan-spencer.jpg\" alt=\"jonathan-spencer\" width=\"127\" height=\"135\" hspace=\"10\" vspace=\"10\" srcset=\"https:\/\/www.servir.caef.net\/wp-content\/uploads\/2017\/02\/jonathan-spencer.jpg 387w, https:\/\/www.servir.caef.net\/wp-content\/uploads\/2017\/02\/jonathan-spencer-282x300.jpg 282w\" sizes=\"auto, (max-width: 127px) 100vw, 127px\" \/><\/p>\n<p style=\"text-align: justify;\" align=\"LEFT\">\u00a0<\/p>\n<p style=\"text-align: justify;\" align=\"LEFT\">\u00a0<\/p>\n<p style=\"text-align: justify;\" align=\"LEFT\">\u00a0<\/p>\n<p style=\"text-align: justify;\" align=\"LEFT\">\u00a0<\/p>\n<h3 style=\"text-align: center;\" align=\"LEFT\">La mission de J\u00e9sus influence notre attitude et nos actions.<\/h3>\n<p style=\"text-align: justify;\" align=\"LEFT\">\u00a0<\/p>\n<p style=\"text-align: justify;\" align=\"LEFT\">\u00a0<\/p>\n<p style=\"text-align: justify;\" align=\"LEFT\">\u00a0<\/p>\n<p style=\"text-align: justify;\" align=\"LEFT\">\u00a0<\/p>\n<h2 align=\"LEFT\"><em>1. Notre attitude : 2 cons\u00e9quences annonc\u00e9es <span style=\"background-color: #ccffff;\">(v.31-38)<\/span><\/em><\/h2>\n<p style=\"text-align: justify;\" align=\"LEFT\">\u00a0<\/p>\n<p style=\"text-align: justify;\" align=\"LEFT\"><span style=\"font-family: Arial, sans-serif;\"><span style=\"font-size: small;\">La Samaritaine est venue au puits \u00e0 cause de la soif. Les disciples sont partis au village, pouss\u00e9s par la faim <em><span style=\"background-color: #ccffff;\">(v.8)<\/span><\/em>. De m\u00eame J\u00e9sus a soif et faim, mais il n\u2019\u00e9prouve aucun besoin : <em><span style=\"background-color: #ccffff;\">Pendant ce temps, les disciples le pressaient en disant : Ma\u00eetre, mange donc ! Mais il leur dit : J\u2019ai \u00e0 manger une nourriture que vous ne connaissez pas (v.31-32).<\/span><\/em><\/span><\/span><\/p>\n<p style=\"text-align: justify;\" align=\"LEFT\"><span style=\"font-family: Arial, sans-serif;\"><span style=\"font-size: small;\">Quelle est cette nourriture secr\u00e8te qui sous-tend sa mission ? <em><span style=\"background-color: #ccffff;\">Ma nourriture est de faire la volont\u00e9 de celui qui m\u2019a envoy\u00e9 et d\u2019accomplir son oeuvre (v.34<\/span><span style=\"background-color: #ccffff;\">).<\/span> <\/em><\/span><\/span><\/p>\n<p style=\"text-align: justify;\" align=\"LEFT\"><span style=\"font-family: Arial, sans-serif;\"><span style=\"font-size: small;\">L\u2019\u00c9vangile en une phrase ! <\/span><\/span><\/p>\n<p style=\"text-align: justify;\" align=\"LEFT\"><span style=\"font-family: Arial, sans-serif;\"><span style=\"font-size: small;\">Quelle est la pri\u00e8re de J\u00e9sus par trois fois dans les minutes avant son arrestation et sa crucifixion ? <span style=\"background-color: #ccffff;\"><em>Non ma volont\u00e9, mais la tienne.<\/em> <\/span><\/span><\/span><\/p>\n<p style=\"text-align: justify;\" align=\"LEFT\"><span style=\"font-family: Arial, sans-serif;\"><span style=\"font-size: small;\">Il peut prier ainsi \u00e0 cause de son but supr\u00eame : accomplir l\u2019oeuvre de son P\u00e8re. <\/span><\/span><\/p>\n<p style=\"text-align: justify;\" align=\"LEFT\">\u00a0<\/p>\n<p style=\"text-align: justify;\" align=\"LEFT\"><span style=\"font-family: Arial, sans-serif;\"><span style=\"font-size: small;\">Aussit\u00f4t apr\u00e8s avoir d\u00e9voil\u00e9 le secret de sa mission, J\u00e9sus \u00e9voque la mission future de ses disciples et ses cons\u00e9quences directes par deux proverbes agricoles. <\/span><\/span><\/p>\n<p style=\"text-align: justify;\" align=\"LEFT\">\u00a0<\/p>\n<p style=\"text-align: justify;\" align=\"LEFT\"><!--more--><\/p>\n<h3 align=\"LEFT\">Premi\u00e8re cons\u00e9quence : de grandes attentes !<\/h3>\n<p style=\"text-align: justify;\" align=\"LEFT\"><span style=\"font-family: Arial, sans-serif;\"><span style=\"font-size: small;\"><b><i><strong><em><a href=\"\/wp-content\/uploads\/2016\/pdf2016\/Servir%204-2016%20-%20La%20mission.pdf#page=7\" target=\"_blank\"><img loading=\"lazy\" decoding=\"async\" title=\"iconePDF\" src=\"\/wp-content\/uploads\/2011\/01\/iconePDF.jpg\" alt=\"\" width=\"81\" height=\"76\" align=\"right\" hspace=\"8\" vspace=\"8\" \/><\/a><\/em><\/strong><\/i><\/b>Que dit le proverbe agricole ? <em><span style=\"background-color: #ccffff;\">Ne dites-vous pas qu\u2019il y a encore 4 mois jusqu\u2019\u00e0 la moisson ? (v.35)<\/span> <\/em><\/span><\/span><\/p>\n<p style=\"text-align: justify;\" align=\"LEFT\"><span style=\"font-family: Arial, sans-serif;\"><span style=\"font-size: small;\">Apr\u00e8s avoir sem\u00e9, il semble normal d\u2019attendre pour que la moisson arrive. <\/span><\/span><\/p>\n<p style=\"text-align: justify;\" align=\"LEFT\"><span style=\"font-family: Arial, sans-serif;\"><span style=\"font-size: small;\"><i><span style=\"background-color: #ccffff;\">Eh bien, je vous le dis, levez les yeux et regardez les champs : ils sont d\u00e9j\u00e0 blancs pour la moisson.<\/span> <\/i><\/span><\/span><\/p>\n<p style=\"text-align: justify;\" align=\"LEFT\"><span style=\"font-family: Arial, sans-serif;\"><span style=\"font-size: small;\">Pourquoi ? \u00c0 cause de l\u2019imminence de la croix ! Parce qu\u2019un homme a trouv\u00e9 sa satisfaction \u00e0 faire la volont\u00e9 de celui qui l\u2019a envoy\u00e9, \u00e0 accomplir son oeuvre \u00e0 la croix, tout est d\u00e9sormais possible ! [<em><span style=\"background-color: #ccffff;\">Amos 9.13<\/span><\/em>, cf. <span style=\"background-color: #ccffff;\"><em>Jean 2.1-11<\/em> <\/span>; <em><span style=\"background-color: #ccffff;\">Jn 12.24<\/span><\/em>. Il y aura du fruit.] <\/span><\/span><\/p>\n<p style=\"text-align: justify;\" align=\"LEFT\">\u00a0<\/p>\n<p style=\"text-align: justify;\" align=\"LEFT\">\u00a0<\/p>\n<h3 align=\"LEFT\">Deuxi\u00e8me cons\u00e9quence : une grande humilit\u00e9, car nous n\u2019y sommes pour rien.<\/h3>\n<p style=\"text-align: justify;\" align=\"LEFT\"><span style=\"font-family: Arial, sans-serif;\"><span style=\"font-size: small;\">Deuxi\u00e8me proverbe agricole, celui-ci confirm\u00e9 : <em><span style=\"background-color: #ccffff;\">en cela cette parole est vraie, l\u2019un s\u00e8me et l\u2019autre moissonne (v.37)<\/span><\/em>. La r\u00e9partition des r\u00f4les dans l\u2019histoire du salut et dans la mission doit conduire \u00e0 une grande humilit\u00e9. <em><span style=\"background-color: #ccffff;\">Je vous ai envoy\u00e9s r\u00e9colter une moisson qui ne vous a pas demand\u00e9 de travail. D\u2019autres ont travaill\u00e9 et vous \u00eates entr\u00e9s dans leur travail (v.38).<\/span> <\/em><\/span><\/span><\/p>\n<p style=\"text-align: justify;\" align=\"LEFT\">\u00a0<\/p>\n<p style=\"text-align: justify;\" align=\"LEFT\">\u00a0<\/p>\n<h2 align=\"LEFT\"><em>2. Nos actions : 5 effets de la satisfaction promise <span style=\"background-color: #ccffff;\">(v.27-30, 39-42)<\/span><\/em><\/h2>\n<p style=\"text-align: justify;\" align=\"LEFT\">\u00a0<\/p>\n<p style=\"text-align: justify;\" align=\"LEFT\"><span style=\"font-family: Arial, sans-serif;\"><span style=\"font-size: small;\">Il faut dire que, dans l\u2019histoire de la mission, la strat\u00e9gie d\u00e9ploy\u00e9e aupr\u00e8s des Samaritains, c\u2019est l\u2019\u00e9chec garanti : une femme d\u00e9pourvue de cr\u00e9dibilit\u00e9, envoy\u00e9e sans formation vers un peuple h\u00e9r\u00e9tique. R\u00e9sultat : un r\u00e9veil r\u00e9gional, une perc\u00e9e missionnaire majeure. Tout cela parce qu\u2019une personne a rencontr\u00e9 J\u00e9sus ! <\/span><\/span><\/p>\n<p style=\"text-align: justify;\" align=\"LEFT\">\u00a0<\/p>\n<h3 align=\"LEFT\">1) <em><span style=\"background-color: #ccffff;\">v.28<\/span><\/em> : de nouvelles priorit\u00e9s<\/h3>\n<p style=\"text-align: justify;\" align=\"LEFT\"><span style=\"font-family: Arial, sans-serif;\"><span style=\"font-size: small;\">Venue au puits chercher de l\u2019H2O, elle repart avec l\u2019eau qui donne satisfaction. Alors elle abandonne sa cruche, symbole de l\u2019eau qui n\u2019\u00e9tanche pas la soif et elle part dans le village perdu dont elle est originaire. Elle a d\u00e9sormais de nouvelles priorit\u00e9s. <\/span><\/span><\/p>\n<p style=\"text-align: justify;\" align=\"LEFT\"><span style=\"font-family: Arial, sans-serif;\"><span style=\"font-size: small;\">Christ nous fait-il changer de priorit\u00e9s ? Nos agendas, nos budgets, nos r\u00eaves le refl\u00e8tent-ils ? <\/span><\/span><\/p>\n<p style=\"text-align: justify;\" align=\"LEFT\">\u00a0<\/p>\n<h3 align=\"LEFT\">2) <em><span style=\"background-color: #ccffff;\">v.29<\/span><\/em> : une invitation spontan\u00e9e<\/h3>\n<p style=\"text-align: justify;\" align=\"LEFT\"><span style=\"font-family: Arial, sans-serif;\"><span style=\"font-size: small;\">Aucune initiative organis\u00e9e, mais la simple invitation d\u2019une passionn\u00e9e ! C\u2019est une exp\u00e9rience r\u00e9elle et bienfaisante qui g\u00e9n\u00e8re un enthousiasme d\u00e9complex\u00e9 et contagieux. <\/span><\/span><\/p>\n<p style=\"text-align: justify;\" align=\"LEFT\"><span style=\"font-family: Arial, sans-serif;\"><span style=\"font-size: small;\">Soyons des passionn\u00e9s, d\u00e9bordons d\u2019enthousiasme pour le message de l\u2019\u00c9vangile ! Notre premi\u00e8re responsabilit\u00e9 n\u2019est-elle pas d\u2019annoncer l\u2019\u00c9vangile pour que les coeurs des membres de nos \u00c9glises soient remplis de confiance, de la conviction intime que c\u2019est une bonne nouvelle, qu\u2019on ne peut pas la garder pour soi ? <\/span><\/span><\/p>\n<p style=\"text-align: justify;\" align=\"LEFT\">\u00a0<\/p>\n<h3 align=\"LEFT\">3) <em><span style=\"background-color: #ccffff;\">v.29<\/span><\/em> : un t\u00e9moignage explicite \u00e0 Christ<\/h3>\n<p style=\"text-align: justify;\" align=\"LEFT\"><span style=\"font-family: Arial, sans-serif;\"><span style=\"font-size: small;\">Comme tous les bons t\u00e9moins, elle est un simple panneau indicateur. Elle n\u2019invite pas ses voisins \u00e0 d\u00e9couvrir sa fa\u00e7on de croire, \u00e0 venir \u00e0 un \u00e9v\u00e9nement, mais \u00e0 voir un <i>homme<\/i>, cet homme qui conna\u00eet et comble son coeur, qui lui a offert avec une parole ce qu\u2019aucun autre homme n\u2019avait \u00e9t\u00e9 capable de lui donner. <\/span><\/span><\/p>\n<p style=\"text-align: justify;\" align=\"LEFT\"><span style=\"font-family: Arial, sans-serif;\"><span style=\"font-size: small;\">Elle n\u2019a aucun niveau de formation th\u00e9ologique, mais elle a compris l\u2019essentiel, que le christianisme, c\u2019est Christ. <\/span><\/span><\/p>\n<p style=\"text-align: justify;\" align=\"LEFT\"><span style=\"font-family: Arial, sans-serif;\"><span style=\"font-size: small;\">Au fond la mission, c\u2019est \u00e7a ! Des gens qui, apr\u00e8s avoir trouv\u00e9 Christ, disent \u00e0 leurs voisins venez voir cet homme ! <\/span><\/span><\/p>\n<p style=\"text-align: justify;\" align=\"LEFT\">\u00a0<\/p>\n<h3 align=\"LEFT\">4) <span style=\"background-color: #ccffff;\"><em>v.41-42<\/em><\/span> : la d\u00e9couverte personnelle<\/h3>\n<p style=\"text-align: justify;\" align=\"LEFT\"><span style=\"font-family: Arial, sans-serif;\"><span style=\"font-size: small;\">La Samaritaine conduit ses voisins spontan\u00e9ment \u00e0 J\u00e9sus, mais Jean pr\u00e9cise que c\u2019est sa parole qui les a transform\u00e9s. <\/span><\/span><\/p>\n<p style=\"text-align: justify;\" align=\"LEFT\"><span style=\"font-family: Arial, sans-serif;\"><span style=\"font-size: small;\"><i><span style=\"background-color: #ccffff;\">Un bien plus grand nombre crurent \u00e0 cause des paroles de J\u00e9sus, et ils disaient \u00e0 la femme : Ce n\u2019est plus seulement \u00e0 cause de ce que tu as dit que nous croyons, car nous l\u2019avons entendu nous-m\u00eames.<\/span> <\/i><\/span><\/span><\/p>\n<p style=\"text-align: justify;\" align=\"LEFT\"><span style=\"font-family: Arial, sans-serif;\"><span style=\"font-size: small;\">Qu\u2019entend-on par \u00e9vang\u00e9lisation ? Servir la soupe, venir en aide aux pauvres, faire du social ? <\/span><\/span><\/p>\n<p style=\"text-align: justify;\" align=\"LEFT\"><span style=\"font-family: Arial, sans-serif;\"><span style=\"font-size: small;\">Sommes-nous encore \u00ab \u00e9vang\u00e9liques \u00bb ? C\u2019est-\u00e0-dire convaincus, non en th\u00e9orie, mais en pratique de la n\u00e9cessit\u00e9 d\u2019annoncer la parole de J\u00e9sus toute suffisante et toute puissante ? Si la parole de Christ n\u2019a pas \u00e9t\u00e9 clairement annonc\u00e9e, il n\u2019y a pas eu d\u2019\u00e9vang\u00e9lisation. <\/span><\/span><\/p>\n<p style=\"text-align: justify;\" align=\"LEFT\"><span style=\"font-family: Arial, sans-serif;\"><span style=\"font-size: small;\">L\u2019\u00c9vangile seul sauve. La Bible doit \u00eatre ouverte pour que Christ soit entendu et rencontr\u00e9. <\/span><\/span><\/p>\n<p style=\"text-align: justify;\" align=\"LEFT\">\u00a0<\/p>\n<h3 align=\"LEFT\">5) <em><span style=\"background-color: #ccffff;\">v.42<\/span><\/em> : une confession claire et sans r\u00e9serve<\/h3>\n<p style=\"text-align: justify;\" align=\"LEFT\"><span style=\"font-family: Arial, sans-serif;\"><span style=\"font-size: small;\">L\u2019aboutissement de la mission n\u2019est pas de la simple sympathie ou une pr\u00e9sence \u00e0 des r\u00e9unions ou encore l\u2019adh\u00e9sion associative, mais une confession publique et sans ambigu\u00eft\u00e9 de la divinit\u00e9 de Christ unique Sauveur. <\/span><\/span><\/p>\n<p style=\"text-align: justify;\" align=\"LEFT\"><span style=\"font-family: Arial, sans-serif;\"><span style=\"font-size: small;\">Prions pour que nous soyons ces missionnaires-l\u00e0 !<\/span><\/span><\/p>\n","protected":false},"excerpt":{"rendered":"<p>Conf\u00e9rence 2: \u00a0 Les fruits de la satisfaction &#8211; Jean 4.27-42 &nbsp; \u00a0 &nbsp; Par Jonathan SPENCER1 &#8211; Texte condens\u00e9 par Fran\u00e7oise Lombet \u00a0 \u00a0 \u00a0 \u00a0 La mission de J\u00e9sus influence notre attitude et nos actions. \u00a0 \u00a0 \u00a0 \u00a0 1. Notre attitude : 2 cons\u00e9quences annonc\u00e9es (v.31-38) \u00a0 La Samaritaine est venue au [&hellip;]<\/p>\n","protected":false},"author":343,"featured_media":0,"comment_status":"closed","ping_status":"closed","sticky":false,"template":"","format":"standard","meta":{"footnotes":""},"categories":[59,32,9],"tags":[],"class_list":["post-9830","post","type-post","status-publish","format-standard","hentry","category-etudes-bibliques","category-le-nouveau-testament","category-oeuvres-et-missions"],"_links":{"self":[{"href":"https:\/\/www.servir.caef.net\/index.php?rest_route=\/wp\/v2\/posts\/9830","targetHints":{"allow":["GET"]}}],"collection":[{"href":"https:\/\/www.servir.caef.net\/index.php?rest_route=\/wp\/v2\/posts"}],"about":[{"href":"https:\/\/www.servir.caef.net\/index.php?rest_route=\/wp\/v2\/types\/post"}],"author":[{"embeddable":true,"href":"https:\/\/www.servir.caef.net\/index.php?rest_route=\/wp\/v2\/users\/343"}],"replies":[{"embeddable":true,"href":"https:\/\/www.servir.caef.net\/index.php?rest_route=%2Fwp%2Fv2%2Fcomments&post=9830"}],"version-history":[{"count":0,"href":"https:\/\/www.servir.caef.net\/index.php?rest_route=\/wp\/v2\/posts\/9830\/revisions"}],"wp:attachment":[{"href":"https:\/\/www.servir.caef.net\/index.php?rest_route=%2Fwp%2Fv2%2Fmedia&parent=9830"}],"wp:term":[{"taxonomy":"category","embeddable":true,"href":"https:\/\/www.servir.caef.net\/index.php?rest_route=%2Fwp%2Fv2%2Fcategories&post=9830"},{"taxonomy":"post_tag","embeddable":true,"href":"https:\/\/www.servir.caef.net\/index.php?rest_route=%2Fwp%2Fv2%2Ftags&post=9830"}],"curies":[{"name":"wp","href":"https:\/\/api.w.org\/{rel}","templated":true}]}}