{"id":9842,"date":"2016-10-13T14:05:04","date_gmt":"2016-10-13T14:05:04","guid":{"rendered":"\/?p=9842"},"modified":"2017-05-18T15:46:27","modified_gmt":"2017-05-18T15:46:27","slug":"evangelisation-ou-action-sociale","status":"publish","type":"post","link":"https:\/\/www.servir.caef.net\/?p=9842","title":{"rendered":"\u00c9vang\u00e9lisation ou action sociale ?"},"content":{"rendered":"<h1 style=\"text-align: center;\">\u00c9vang\u00e9lisation ou action sociale ?<\/h1>\n<p>&nbsp;<\/p>\n<p>&nbsp;<\/p>\n<p>&nbsp;<\/p>\n<p><span style=\"font-size: 14pt;\"><strong><span style=\"color: #800000;\">Par Natalie METZ Et Matthew Glock<\/span><\/strong><\/span><\/p>\n<p><img loading=\"lazy\" decoding=\"async\" class=\"size-full wp-image-6876 alignleft\" src=\"\/wp-content\/uploads\/2010\/01\/Natalie-Metz.jpg\" alt=\"Natalie Metz\" width=\"81\" height=\"107\" hspace=\"10\" vspace=\"10\" \/><\/p>\n<p style=\"text-align: justify;\" align=\"LEFT\">\u00a0<\/p>\n<p style=\"text-align: justify;\" align=\"LEFT\">\u00a0<\/p>\n<p style=\"text-align: justify;\" align=\"LEFT\">\u00a0<\/p>\n<p style=\"text-align: justify;\" align=\"LEFT\">\u00a0<\/p>\n<p style=\"text-align: justify;\" align=\"LEFT\">\u00a0<\/p>\n<p style=\"text-align: justify;\" align=\"LEFT\">\u00a0<\/p>\n<p style=\"text-align: justify;\" align=\"LEFT\">\u00a0<\/p>\n<p style=\"text-align: justify;\" align=\"LEFT\">\u00a0<\/p>\n<h3 align=\"LEFT\">Bref historique<\/h3>\n<p style=\"text-align: justify;\" align=\"LEFT\">\u00a0<\/p>\n<p style=\"text-align: justify;\" align=\"LEFT\"><span style=\"font-family: Arial, sans-serif;\"><span style=\"font-size: small;\">Au 18e si\u00e8cle, les \u00c9glises \u00e9taient tr\u00e8s impliqu\u00e9es dans l\u2019aide sociale, mais en se d\u00e9veloppant, la notion de la conversion seule qui sauve se perd, aux d\u00e9pens des actes. Au d\u00e9but du 19e si\u00e8cle, une division entre les mouvements \u00e9vang\u00e9liques et lib\u00e9raux se produit sur la conversion comme priorit\u00e9. Dans le d\u00e9sir de \u00ab sauver des \u00e2mes \u00bb, les r\u00e9alit\u00e9s physiques sont alors n\u00e9glig\u00e9es. <\/span><\/span><\/p>\n<p style=\"text-align: justify;\" align=\"LEFT\">\u00a0<\/p>\n<p style=\"text-align: justify;\" align=\"LEFT\"><span style=\"font-family: Arial, sans-serif;\"><span style=\"font-size: small;\">En 1974, Billy Graham et John Stott sensibilisent nos \u00c9glises \u00e0 red\u00e9couvrir la mission holistique en insistant sur la place importante de l\u2019action sociale dans la Bible. <\/span><\/span><\/p>\n<p style=\"text-align: justify;\" align=\"LEFT\"><span style=\"font-family: Arial, sans-serif;\"><span style=\"font-size: small;\">En 2010 au Cap, le congr\u00e8s Lausanne III red\u00e9finit la mission principale donn\u00e9e par Dieu : \u00eatre pleinement int\u00e8gre en Lui et agir essentiellement par amour pour nos prochains. Le terme de mission int\u00e9grale est omnipr\u00e9sent. <\/span><\/span><\/p>\n<p style=\"text-align: justify;\" align=\"LEFT\">\u00a0<!--more--><\/p>\n<p style=\"text-align: justify;\" align=\"LEFT\">\u00a0<\/p>\n<h3 align=\"LEFT\">Un d\u00e9fi renouvel\u00e9<\/h3>\n<p style=\"text-align: justify;\" align=\"LEFT\">\u00a0<\/p>\n<p style=\"text-align: justify;\" align=\"LEFT\"><span style=\"font-family: Arial, sans-serif;\"><span style=\"font-size: small;\"><b><i><strong><em><a href=\"\/wp-content\/uploads\/2016\/pdf2016\/Servir%204-2016%20-%20La%20mission.pdf#page=17\" target=\"_blank\"><img loading=\"lazy\" decoding=\"async\" title=\"iconePDF\" src=\"\/wp-content\/uploads\/2011\/01\/iconePDF.jpg\" alt=\"\" width=\"81\" height=\"76\" align=\"right\" hspace=\"8\" vspace=\"8\" \/><\/a><\/em><\/strong><\/i><\/b>Notre but ultime est d\u2019amener l\u2019homme \u00e0 se r\u00e9concilier avec Dieu et de l\u2019int\u00e9grer dans son oeuvre. <\/span><\/span><\/p>\n<p style=\"text-align: justify;\" align=\"LEFT\"><span style=\"font-family: Arial, sans-serif;\"><span style=\"font-size: small;\">L\u2019action sociale n\u2019est ni une pr\u00e9paration pour l\u2019\u00e9vang\u00e9lisation ni sa cons\u00e9quence logique, elles sont partenaires, car issues de la m\u00eame source : l\u2019amour de Dieu. <\/span><\/span><\/p>\n<p style=\"text-align: justify;\" align=\"LEFT\">\u00a0<\/p>\n<h3 align=\"LEFT\">Paroles bibliques<\/h3>\n<p style=\"text-align: justify;\" align=\"LEFT\">\u00a0<\/p>\n<p style=\"text-align: justify;\" align=\"LEFT\"><span style=\"font-family: Arial, sans-serif;\"><span style=\"font-size: small;\">J\u00e9sus dit : <em><span style=\"background-color: #ccffff;\">Viens, suis-moi, <\/span><\/em><span style=\"background-color: #ccffff;\">et <i>Allez, faites de toutes les nations des disciples<\/i>,<\/span> mais avant tout : <i><span style=\"background-color: #ccffff;\">Aimez-vous les uns les autres.<\/span> <\/i><\/span><\/span><\/p>\n<p style=\"text-align: justify;\" align=\"LEFT\"><span style=\"font-family: Arial, sans-serif;\"><span style=\"font-size: small;\">\u00c9vang\u00e9lisation et action sociale n\u2019ont jamais \u00e9t\u00e9 dissoci\u00e9es dans la Bible, ni l\u2019une au service de l\u2019autre. <\/span><\/span><\/p>\n<p style=\"text-align: justify;\" align=\"LEFT\"><span style=\"font-family: Arial, sans-serif; background-color: #ccffff;\"><span style=\"font-size: small;\"><em>Mich\u00e9e 6.8 : <\/em><i>On t\u2019a fait conna\u00eetre, \u00f4 homme, ce qui est bien et ce que l\u2019\u00c9ternel demande de toi : c\u2019est que tu mettes en pratique le droit, que tu aimes la bont\u00e9 et que tu marches humblement avec ton Dieu. <\/i><\/span><\/span><\/p>\n<p style=\"text-align: justify;\" align=\"LEFT\">\u00a0<\/p>\n<h3 align=\"LEFT\">La mise en pratique<\/h3>\n<p style=\"text-align: justify;\" align=\"LEFT\">\u00a0<\/p>\n<p style=\"text-align: justify;\" align=\"LEFT\"><span style=\"font-family: Arial, sans-serif;\"><span style=\"font-size: small;\">Notre mission essentielle est de glorifier Dieu en actes comme en paroles. Nous devons \u00eatre pr\u00e9sents dans les milieux sociaux, et tout d\u2019abord collaborer avec les travailleurs sociaux, prendre contact et s\u2019informer de ce qui se fait d\u00e9j\u00e0, sonder le terrain pour savoir o\u00f9 s\u2019impliquer, et \u2013 pourquoi pas \u2013 \u00eatre b\u00e9n\u00e9voles dans des associations existant d\u00e9j\u00e0. Le but n\u2019est pas de rajouter des activit\u00e9s, mais d\u2019\u00eatre impr\u00e9gn\u00e9s de notre mission. <\/span><\/span><\/p>\n<p style=\"text-align: justify;\" align=\"LEFT\"><span style=\"font-family: Arial, sans-serif;\"><span style=\"font-size: small;\"><i>Appel\u00e9s <\/i>\u00e0 \u00eatre <i>moralement diff\u00e9rents sans <\/i>\u00eatre <i>socialement <\/i>\u00e0 <i>part <\/i>(Lindsay Brown). <i>Si nous ignorons le monde, nous trahissons la Parole de Dieu, qui nous envoie dans le monde, si nous ignorons la Parole de Dieu, nous n\u2019avons rien <\/i>\u00e0 <i>apporter au monde. <\/i>(D\u00e9claration Mich\u00e9e)<\/span><\/span><\/p>\n<p>&nbsp;<\/p>\n<hr \/>\n<p>NOTES<\/p>\n<p>&nbsp;<\/p>\n<p><span style=\"font-family: Arial; font-size: small;\"><strong>1.<\/strong> Atelier anim\u00e9 par Natalie Metz, collaboratrice de l\u2019ASMAF et Matthew Glock, missionnaire-implanteur d\u2019\u00c9glises <\/span><\/p>\n<p>&nbsp;<\/p>\n","protected":false},"excerpt":{"rendered":"<p>\u00c9vang\u00e9lisation ou action sociale ? &nbsp; &nbsp; &nbsp; Par Natalie METZ Et Matthew Glock \u00a0 \u00a0 \u00a0 \u00a0 \u00a0 \u00a0 \u00a0 \u00a0 Bref historique \u00a0 Au 18e si\u00e8cle, les \u00c9glises \u00e9taient tr\u00e8s impliqu\u00e9es dans l\u2019aide sociale, mais en se d\u00e9veloppant, la notion de la conversion seule qui sauve se perd, aux d\u00e9pens des actes. Au [&hellip;]<\/p>\n","protected":false},"author":266,"featured_media":0,"comment_status":"closed","ping_status":"closed","sticky":false,"template":"","format":"standard","meta":{"footnotes":""},"categories":[79,12,8],"tags":[],"class_list":["post-9842","post","type-post","status-publish","format-standard","hentry","category-amour","category-eglise-et-mission","category-evangelisation"],"_links":{"self":[{"href":"https:\/\/www.servir.caef.net\/index.php?rest_route=\/wp\/v2\/posts\/9842","targetHints":{"allow":["GET"]}}],"collection":[{"href":"https:\/\/www.servir.caef.net\/index.php?rest_route=\/wp\/v2\/posts"}],"about":[{"href":"https:\/\/www.servir.caef.net\/index.php?rest_route=\/wp\/v2\/types\/post"}],"author":[{"embeddable":true,"href":"https:\/\/www.servir.caef.net\/index.php?rest_route=\/wp\/v2\/users\/266"}],"replies":[{"embeddable":true,"href":"https:\/\/www.servir.caef.net\/index.php?rest_route=%2Fwp%2Fv2%2Fcomments&post=9842"}],"version-history":[{"count":0,"href":"https:\/\/www.servir.caef.net\/index.php?rest_route=\/wp\/v2\/posts\/9842\/revisions"}],"wp:attachment":[{"href":"https:\/\/www.servir.caef.net\/index.php?rest_route=%2Fwp%2Fv2%2Fmedia&parent=9842"}],"wp:term":[{"taxonomy":"category","embeddable":true,"href":"https:\/\/www.servir.caef.net\/index.php?rest_route=%2Fwp%2Fv2%2Fcategories&post=9842"},{"taxonomy":"post_tag","embeddable":true,"href":"https:\/\/www.servir.caef.net\/index.php?rest_route=%2Fwp%2Fv2%2Ftags&post=9842"}],"curies":[{"name":"wp","href":"https:\/\/api.w.org\/{rel}","templated":true}]}}