{"id":9888,"date":"2016-01-28T12:40:21","date_gmt":"2016-01-28T12:40:21","guid":{"rendered":"\/?p=9888"},"modified":"2017-04-03T13:59:21","modified_gmt":"2017-04-03T13:59:21","slug":"nouvelles-des-caef-assemblee-chretienne-du-chambon-sur-lignon","status":"publish","type":"post","link":"https:\/\/www.servir.caef.net\/?p=9888","title":{"rendered":"Nouvelles des CAEF &#8211; Assembl\u00e9e Chr\u00e9tienne du Chambon-sur-Lignon"},"content":{"rendered":"<h1 style=\"text-align: center;\"><img loading=\"lazy\" decoding=\"async\" class=\"size-full wp-image-7465 alignleft\" src=\"\/wp-content\/uploads\/2007\/05\/nouvelles-CAEF.jpg\" alt=\"nouvelles-CAEF\" width=\"51\" height=\"624\" hspace=10 vspace=10 \/><\/h1>\n<h1 style=\"text-align: center;\" align=\"JUSTIFY\">Assembl\u00e9e Chr\u00e9tienne du<\/h1>\n<p>&nbsp;<\/p>\n<h1 style=\"text-align: center;\" align=\"JUSTIFY\">Chambon-sur-Lignon<\/h1>\n<p align=\"JUSTIFY\">\u00a0<\/p>\n<p align=\"JUSTIFY\">\u00a0<\/p>\n<p align=\"JUSTIFY\"><span style=\"color: #993300; font-family: Arial, sans-serif; font-size: 14pt;\"><strong>Par Jean-Michel BRICAUD &amp; G\u00e9rard CHRISTMANN<\/strong> <\/span><\/p>\n<p align=\"JUSTIFY\">\u00a0<\/p>\n<p><center><\/p>\n<table>\n<tbody>\n<tr>\n<td><img decoding=\"async\" class=\"alignnone  wp-image-9889\" src=\"\/wp-content\/uploads\/2016\/01\/chambon-1.jpg\" alt=\"chambon-1\" width=\"300\" srcset=\"https:\/\/www.servir.caef.net\/wp-content\/uploads\/2016\/01\/chambon-1.jpg 759w, https:\/\/www.servir.caef.net\/wp-content\/uploads\/2016\/01\/chambon-1-300x167.jpg 300w\" sizes=\"(max-width: 759px) 100vw, 759px\" \/>\u00a0<\/td>\n<td><img decoding=\"async\" class=\"alignnone  wp-image-9890\" src=\"\/wp-content\/uploads\/2016\/01\/chambon-2.jpg\" alt=\"chambon-2\" width=\"300\" srcset=\"https:\/\/www.servir.caef.net\/wp-content\/uploads\/2016\/01\/chambon-2.jpg 759w, https:\/\/www.servir.caef.net\/wp-content\/uploads\/2016\/01\/chambon-2-300x167.jpg 300w\" sizes=\"(max-width: 759px) 100vw, 759px\" \/>\u00a0<\/td>\n<\/tr>\n<tr>\n<td>\u00a0<img decoding=\"async\" class=\"alignnone  wp-image-9891\" src=\"\/wp-content\/uploads\/2016\/01\/chambon-3.jpg\" alt=\"chambon-3\" width=\"300\" srcset=\"https:\/\/www.servir.caef.net\/wp-content\/uploads\/2016\/01\/chambon-3.jpg 759w, https:\/\/www.servir.caef.net\/wp-content\/uploads\/2016\/01\/chambon-3-300x167.jpg 300w\" sizes=\"(max-width: 759px) 100vw, 759px\" \/><\/td>\n<td>\u00a0<img decoding=\"async\" class=\"alignnone  wp-image-9892\" src=\"\/wp-content\/uploads\/2016\/01\/chambon-4.jpg\" alt=\"chambon-4\" width=\"300\" srcset=\"https:\/\/www.servir.caef.net\/wp-content\/uploads\/2016\/01\/chambon-4.jpg 759w, https:\/\/www.servir.caef.net\/wp-content\/uploads\/2016\/01\/chambon-4-300x167.jpg 300w\" sizes=\"(max-width: 759px) 100vw, 759px\" \/><\/td>\n<\/tr>\n<\/tbody>\n<\/table>\n<p><\/center><\/p>\n<p align=\"JUSTIFY\">\u00a0<\/p>\n<p align=\"JUSTIFY\">\u00a0<\/p>\n<p align=\"JUSTIFY\"><span style=\"font-family: Arial, sans-serif;\"><span style=\"font-size: small;\"><span style=\"color: #1b1c20;\">Sujet de louange et de remerciement ! <\/span><\/span><\/span><\/p>\n<p align=\"JUSTIFY\">\u00a0<\/p>\n<p align=\"JUSTIFY\"><!--more--><\/p>\n<p align=\"JUSTIFY\"><span style=\"font-family: Arial, sans-serif;\"><span style=\"font-size: small;\"><span style=\"color: #1b1c20;\"><span style=\"font-family: Arial, sans-serif;\"><span style=\"font-size: small;\"><span style=\"color: #1b1c20;\"><a href=\"\/wp-content\/uploads\/2016\/pdf2016\/Servir 1-2016 Encart.pdf#page=2\"><img loading=\"lazy\" decoding=\"async\" class=\" size-full wp-image-115 alignright\" src=\"\/wp-content\/uploads\/2011\/01\/iconePDF.jpg\" alt=\"iconePDF\" width=\"81\" height=\"76\" \/><\/a><\/span><\/span><\/span>Suite \u00e0 des travaux intensifs entre septembre et novembre, nous avons r\u00e9int\u00e9gr\u00e9 notre salle de culte le 22 novembre 2015. Nous n\u2019avons gard\u00e9 que les murs ext\u00e9rieurs et avons repens\u00e9 l\u2019agencement de la surface int\u00e9rieure. Nous avons construit un sas d\u2019entr\u00e9e, cr\u00e9\u00e9 des sanitaires (dont un pour les handicap\u00e9s), une petite cuisine pour les agapes, et deux salles pour les \u00e9coles du dimanche avec la possibilit\u00e9 d\u2019ouverture pour augmenter le volume de la salle de culte en cas de grande affluence. Apr\u00e8s les travaux de plomberie, d\u2019\u00e9lectricit\u00e9, d\u2019\u00e9vacuations des eaux us\u00e9es, l\u2019ouverture d\u2019une deuxi\u00e8me porte pour la s\u00e9curit\u00e9, l\u2019isolation des murs et des fen\u00eatres, l\u2019isolation phonique du plafond, des portes, la pose d\u2019un parquet, le cr\u00e9pissage des murs int\u00e9rieurs en blanc, la peinture des portes, etc., nous ne pouvons que louer et remercier le Seigneur. <\/span><\/span><\/span><\/p>\n<p align=\"JUSTIFY\">\u00a0<\/p>\n<p align=\"JUSTIFY\"><span style=\"font-family: Arial, sans-serif;\"><span style=\"font-size: small;\"><span style=\"color: #1b1c20;\">Il a encourag\u00e9 toute l\u2019\u00c9glise \u00e0 prendre part aux travaux, que ce soit dans la pri\u00e8re, par les travaux manuels ou les g\u00e9n\u00e9rosit\u00e9s financi\u00e8res. <\/span><\/span><\/span><\/p>\n<p align=\"JUSTIFY\">\u00a0<\/p>\n<p align=\"JUSTIFY\"><span style=\"font-family: Arial, sans-serif;\"><span style=\"font-size: small;\"><span style=\"color: #1b1c20;\">Merci \u00e0 tous ceux qui ont contribu\u00e9 \u00e0 nous soutenir pour les messages du dimanche matin. Merci aussi de nous porter dans la pri\u00e8re pour les r\u00e9unions d\u2019enseignement et de pri\u00e8res le jeudi soir, ainsi que l\u2019\u00e9ducation spirituelle apport\u00e9e aux enfants le dimanche matin. Merci aussi aux responsables des CAEF qui nous ont conseill\u00e9s dans les d\u00e9marches administratives de toutes sortes. <\/span><\/span><\/span><\/p>\n<p align=\"JUSTIFY\">\u00a0<\/p>\n<p align=\"JUSTIFY\"><span style=\"font-family: Arial, sans-serif;\"><span style=\"font-size: small;\"><span style=\"color: #1b1c20;\">Que le Seigneur soit glorifi\u00e9 pour son amour envers notre assembl\u00e9e, et que nous puissions \u00eatre dignes de ses largesses. <\/span><\/span><\/span><\/p>\n","protected":false},"excerpt":{"rendered":"<p>Assembl\u00e9e Chr\u00e9tienne du &nbsp; Chambon-sur-Lignon \u00a0 \u00a0 Par Jean-Michel BRICAUD &amp; G\u00e9rard CHRISTMANN \u00a0 \u00a0 \u00a0 \u00a0 \u00a0 \u00a0 \u00a0 Sujet de louange et de remerciement ! \u00a0<\/p>\n","protected":false},"author":27,"featured_media":0,"comment_status":"closed","ping_status":"closed","sticky":false,"template":"","format":"standard","meta":{"footnotes":""},"categories":[3,13],"tags":[],"class_list":["post-9888","post","type-post","status-publish","format-standard","hentry","category-caef","category-la-vie-de-leglise"],"_links":{"self":[{"href":"https:\/\/www.servir.caef.net\/index.php?rest_route=\/wp\/v2\/posts\/9888","targetHints":{"allow":["GET"]}}],"collection":[{"href":"https:\/\/www.servir.caef.net\/index.php?rest_route=\/wp\/v2\/posts"}],"about":[{"href":"https:\/\/www.servir.caef.net\/index.php?rest_route=\/wp\/v2\/types\/post"}],"author":[{"embeddable":true,"href":"https:\/\/www.servir.caef.net\/index.php?rest_route=\/wp\/v2\/users\/27"}],"replies":[{"embeddable":true,"href":"https:\/\/www.servir.caef.net\/index.php?rest_route=%2Fwp%2Fv2%2Fcomments&post=9888"}],"version-history":[{"count":0,"href":"https:\/\/www.servir.caef.net\/index.php?rest_route=\/wp\/v2\/posts\/9888\/revisions"}],"wp:attachment":[{"href":"https:\/\/www.servir.caef.net\/index.php?rest_route=%2Fwp%2Fv2%2Fmedia&parent=9888"}],"wp:term":[{"taxonomy":"category","embeddable":true,"href":"https:\/\/www.servir.caef.net\/index.php?rest_route=%2Fwp%2Fv2%2Fcategories&post=9888"},{"taxonomy":"post_tag","embeddable":true,"href":"https:\/\/www.servir.caef.net\/index.php?rest_route=%2Fwp%2Fv2%2Ftags&post=9888"}],"curies":[{"name":"wp","href":"https:\/\/api.w.org\/{rel}","templated":true}]}}