{"id":9910,"date":"2016-07-28T20:55:55","date_gmt":"2016-07-28T20:55:55","guid":{"rendered":"\/?p=9910"},"modified":"2017-04-03T13:55:56","modified_gmt":"2017-04-03T13:55:56","slug":"nouvelles-des-caef-de-la-bnl-a-la-bn-lingo-que-de-chemin-parcouru","status":"publish","type":"post","link":"https:\/\/www.servir.caef.net\/?p=9910","title":{"rendered":"Nouvelles des CAEF &#8211; De la BNL \u00e0 la BN LingO, que de chemin parcouru"},"content":{"rendered":"<h1 style=\"text-align: center;\"><img loading=\"lazy\" decoding=\"async\" class=\"size-full wp-image-7465 alignleft\" src=\"\/wp-content\/uploads\/2007\/05\/nouvelles-CAEF.jpg\" alt=\"nouvelles-CAEF\" width=\"51\" height=\"624\" hspace=\"10\" vspace=\"10\" \/><\/h1>\n<h1 style=\"text-align: center;\">De la BNL<strong><sub>1<\/sub><\/strong> \u00e0 la BN LingO<strong><sub>2<\/sub><\/strong>,<\/h1>\n<h1 style=\"text-align: center;\">que de chemin parcouru<\/h1>\n<p>&nbsp;<\/p>\n<p><img loading=\"lazy\" decoding=\"async\" class=\"wp-image-9911 aligncenter\" src=\"\/wp-content\/uploads\/2017\/03\/bnl.jpg\" alt=\"bnl\" width=\"604\" height=\"272\" srcset=\"https:\/\/www.servir.caef.net\/wp-content\/uploads\/2017\/03\/bnl.jpg 1609w, https:\/\/www.servir.caef.net\/wp-content\/uploads\/2017\/03\/bnl-300x135.jpg 300w, https:\/\/www.servir.caef.net\/wp-content\/uploads\/2017\/03\/bnl-768x346.jpg 768w, https:\/\/www.servir.caef.net\/wp-content\/uploads\/2017\/03\/bnl-1024x461.jpg 1024w\" sizes=\"auto, (max-width: 604px) 100vw, 604px\" \/><\/p>\n<p>&nbsp;<\/p>\n<p>&nbsp;<\/p>\n<p align=\"JUSTIFY\"><span style=\"font-family: Arial, sans-serif;\"><span style=\"font-size: small;\"><span style=\"color: #000000;\">Un peu d\u2019histoire avec quelques dates clefs : <\/span><\/span><\/span><\/p>\n<p align=\"JUSTIFY\">\u00a0<\/p>\n<p align=\"JUSTIFY\"><span style=\"font-family: Arial, sans-serif;\"><span style=\"font-size: small;\"><span style=\"color: #000000;\"><b>8 f\u00e9vrier 1987 : <\/b><\/span><span style=\"color: #000000;\">Assembl\u00e9e g\u00e9n\u00e9rale constitutive de l\u2019association cultuelle de \u00ab La Bonne Nouvelle \u00bb de Lingolsheim. <\/span><\/span><\/span><\/p>\n<p align=\"JUSTIFY\"><span style=\"font-family: Arial, sans-serif;\"><span style=\"font-size: small;\"><span style=\"color: #000000;\"><b>1988 : <\/b><\/span><span style=\"color: #000000;\">Achat d\u2019une ancienne sup\u00e9rette pour en faire des locaux d\u2019\u00c9glise apr\u00e8s 8 ann\u00e9es de location de salle. <\/span><\/span><\/span><\/p>\n<p align=\"JUSTIFY\"><span style=\"font-family: Arial, sans-serif;\"><span style=\"font-size: small;\"><span style=\"color: #000000;\"><b>2008 : <\/b><\/span><span style=\"color: #000000;\">Vote de la mise en place d\u2019une commission ayant pour but de r\u00e9fl\u00e9chir \u00e0 un agrandissement des locaux et de la mise aux normes. L\u2019agrandissement et la mise aux normes des locaux, au 15 Nouvelle Cit\u00e9, s\u2019av\u00e9rant pratiquement impossibles et trop chers, l\u2019\u00c9glise \u00e9dite un cahier des charges pour la recherche de nouveaux locaux. <\/span><\/span><\/span><\/p>\n<p align=\"JUSTIFY\"><!--more--><\/p>\n<p align=\"JUSTIFY\"><span style=\"font-family: Arial, sans-serif;\"><span style=\"font-size: small;\"><span style=\"color: #000000;\"><b><span style=\"font-family: Arial, sans-serif;\"><span style=\"font-size: small;\"><span style=\"color: #000000;\"><a href=\"\/wp-content\/uploads\/2016\/pdf2016\/Servir 3-2016 Encart.pdf#page=2\"><img loading=\"lazy\" decoding=\"async\" class=\" size-full wp-image-115 alignright\" src=\"\/wp-content\/uploads\/2011\/01\/iconePDF.jpg\" alt=\"iconePDF\" width=\"81\" height=\"76\" \/><\/a><\/span><\/span><\/span>2012 : <\/b><\/span><span style=\"color: #000000;\">Entr\u00e9e en n\u00e9gociation exclusive avec le propri\u00e9taire du 5 rue des Rossignols \u00e0 OSTWALD, alors que 2 ans auparavant nous n\u2019avions pas donn\u00e9 suite, car trop grand et trop cher. <\/span><\/span><\/span><\/p>\n<p align=\"JUSTIFY\"><span style=\"font-family: Arial, sans-serif;\"><span style=\"font-size: small;\"><span style=\"color: #000000;\"><b>6 octobre 2013 : <\/b><\/span><span style=\"color: #000000;\">L\u2019\u00c9glise fait un acte de foi en votant l\u2019achat des nouveaux locaux. Chez le notaire, nous finalisons que le terrain fait 140 ares apr\u00e8s arpentage, contre 40 ares au d\u00e9but des n\u00e9gociations, et que le vendeur paye la TVA r\u00e9siduelle. L\u2019agence immobili\u00e8re r\u00e9duit ses honoraires d\u2019un montant cons\u00e9quent. Nous avons aussi \u00e9t\u00e9 encourag\u00e9s par des dons d\u2019\u00c9glises soeurs et par une fondation anglaise qui nous accorde un don trois fois sup\u00e9rieur \u00e0 sa promesse initiale. Nous sommes submerg\u00e9s de joie divine. <\/span><\/span><\/span><\/p>\n<p align=\"JUSTIFY\"><span style=\"font-family: Arial, sans-serif;\"><span style=\"font-size: small;\"><span style=\"color: #000000;\"><b>2014 : <\/b><\/span><span style=\"color: #000000;\">Vente de nos anciens locaux \u00e0 une \u00c9glise \u00e9vang\u00e9lique \u00ab Foursquare \u00bb<strong><sub>3<\/sub> <\/strong><\/span><\/span><\/span><\/p>\n<p align=\"JUSTIFY\"><span style=\"font-family: Arial, sans-serif;\"><span style=\"font-size: small;\"><span style=\"color: #000000;\"><b>16 ao\u00fbt 2015 : <\/b><\/span><span style=\"color: #000000;\">1er culte officiel apr\u00e8s 12 mois de travaux intenses, \u00e0 80 % en propre r\u00e9gie. <\/span><\/span><\/span><\/p>\n<p align=\"JUSTIFY\"><span style=\"font-family: Arial, sans-serif;\"><span style=\"font-size: small;\"><span style=\"color: #000000;\"><b>4 au 8 mai 2016 : <\/b><\/span><span style=\"color: #000000;\">Journ\u00e9es \u00ab portes ouvertes \u00bb <\/span><span style=\"color: #000000;\">et <\/span><span style=\"color: #000000;\">inauguration officielle <\/span><span style=\"color: #000000;\">avec les autorit\u00e9s. <\/span><\/span><\/span><\/p>\n<p align=\"JUSTIFY\">\u00a0<\/p>\n<p align=\"JUSTIFY\"><img loading=\"lazy\" decoding=\"async\" class=\"wp-image-9913 aligncenter\" src=\"\/wp-content\/uploads\/2016\/07\/bnl-2.jpg\" alt=\"bnl-2\" width=\"735\" height=\"196\" srcset=\"https:\/\/www.servir.caef.net\/wp-content\/uploads\/2016\/07\/bnl-2.jpg 1600w, https:\/\/www.servir.caef.net\/wp-content\/uploads\/2016\/07\/bnl-2-300x80.jpg 300w, https:\/\/www.servir.caef.net\/wp-content\/uploads\/2016\/07\/bnl-2-768x204.jpg 768w, https:\/\/www.servir.caef.net\/wp-content\/uploads\/2016\/07\/bnl-2-1024x273.jpg 1024w\" sizes=\"auto, (max-width: 735px) 100vw, 735px\" \/><\/p>\n<table>\n<tbody>\n<tr>\n<td style=\"text-align: center;\"><img loading=\"lazy\" decoding=\"async\" class=\"alignnone  wp-image-9914\" src=\"\/wp-content\/uploads\/2016\/07\/bnl3.jpg\" alt=\"bnl3\" width=\"313\" height=\"223\" hspace=\"10\" vspace=\"10\" srcset=\"https:\/\/www.servir.caef.net\/wp-content\/uploads\/2016\/07\/bnl3.jpg 759w, https:\/\/www.servir.caef.net\/wp-content\/uploads\/2016\/07\/bnl3-300x213.jpg 300w\" sizes=\"auto, (max-width: 313px) 100vw, 313px\" \/>\u00a0<span style=\"font-family: Arial; font-size: small;\">Groupe de th\u00e9\u00e2tre <\/span><\/td>\n<td style=\"text-align: center;\"><img loading=\"lazy\" decoding=\"async\" class=\"alignnone  wp-image-9915\" src=\"\/wp-content\/uploads\/2016\/07\/bnl4.jpg\" alt=\"bnl4\" width=\"126\" height=\"219\" hspace=\"10\" vspace=\"10\" srcset=\"https:\/\/www.servir.caef.net\/wp-content\/uploads\/2016\/07\/bnl4.jpg 310w, https:\/\/www.servir.caef.net\/wp-content\/uploads\/2016\/07\/bnl4-172x300.jpg 172w\" sizes=\"auto, (max-width: 126px) 100vw, 126px\" \/>\u00a0<span style=\"font-family: Arial; font-size: small;\">Allocution du Maire <\/span><\/td>\n<td>\n<p style=\"text-align: center;\">\u00a0<img loading=\"lazy\" decoding=\"async\" class=\"alignnone  wp-image-9916\" src=\"\/wp-content\/uploads\/2016\/07\/bnl5.jpg\" alt=\"bnl5\" width=\"204\" height=\"216\" hspace=\"10\" vspace=\"10\" srcset=\"https:\/\/www.servir.caef.net\/wp-content\/uploads\/2016\/07\/bnl5.jpg 508w, https:\/\/www.servir.caef.net\/wp-content\/uploads\/2016\/07\/bnl5-282x300.jpg 282w\" sizes=\"auto, (max-width: 204px) 100vw, 204px\" \/><span style=\"font-family: Arial; font-size: small;\">Allocution des Anciens <\/span><\/p>\n<\/td>\n<\/tr>\n<\/tbody>\n<\/table>\n<p align=\"JUSTIFY\"><span style=\"font-family: Arial, sans-serif;\"><span style=\"font-size: small;\"><span style=\"color: #000000;\">Ces nouveaux locaux sont largement dans le cahier des charges \u00e9dit\u00e9 quelques ann\u00e9es plus t\u00f4t : dans un rayon proche de notre ancienne \u00e9glise, un\u00a0 <\/span><span style=\"color: #000000;\">terrain pouvant servir \u00e0 notre activit\u00e9 de jeunesse, proche des habitations (pr\u00e8s de 800 nouveaux logements vont se construire \u00e0 proximit\u00e9). <\/span><\/span><\/span><\/p>\n<p align=\"JUSTIFY\">\u00a0<\/p>\n<p align=\"JUSTIFY\"><span style=\"font-family: Arial, sans-serif;\"><span style=\"font-size: small;\"><span style=\"color: #000000;\">Les locaux de l\u2019\u00c9glise sont de plain-pied avec une salle de culte pouvant accueillir pr\u00e8s de 200 personnes r\u00e9guli\u00e8rement, de multiples salles d\u2019activit\u00e9s de jeunesse et un foyer servant pour les agapes ou r\u00e9unions en semaine. Le premier \u00e9tage a trouv\u00e9 ses locataires qui sont, en grande partie, tourn\u00e9s vers la communication. Notre terrain avec plan d\u2019eau, rest\u00e9 pour le moment ouvert, accueille des p\u00eacheurs et des promeneurs, ce qui nous donne une ouverture sur le quartier. <\/span><\/span><\/span><\/p>\n<p align=\"JUSTIFY\">\u00a0<\/p>\n<p align=\"JUSTIFY\"><span style=\"font-family: Arial, sans-serif;\"><span style=\"font-size: small;\"><span style=\"color: #000000;\">Lors des journ\u00e9es \u00ab portes ouvertes \u00bb inaugurales, un programme riche et vari\u00e9 a pu \u00eatre mis en place, nous permettant d\u2019accueillir pour un temps officiel et convivial nos autorit\u00e9s, une conf\u00e9rence ayant pour th\u00e8me \u00ab Les \u00e9vang\u00e9liques aujourd\u2019hui \u00bb avec Daniel L<\/span><span style=\"color: #000000;\">iechti<\/span><span style=\"color: #000000;\">, une repr\u00e9sentation tr\u00e8s appr\u00e9ci\u00e9e de notre troupe de th\u00e9\u00e2tre S<\/span><span style=\"color: #000000;\">ubstan\u2019Ciel<\/span><span style=\"color: #000000;\">, un spectacle comique \u00ab Le fils prodigue en version orientale \u00bb avec Sa\u00efd O<\/span><span style=\"color: #000000;\">ujibou <\/span><span style=\"color: #000000;\">o\u00f9 nous avons eu la joie d\u2019accueillir, dans une salle comble, l\u2019imam de la mosqu\u00e9e voisine, une kermesse pour nos plus jeunes et leurs petits amis, un concert en plein air avec Peggy P<\/span><span style=\"color: #000000;\">olito <\/span><span style=\"color: #000000;\">et ses musiciens et, pour clore, un culte de reconnaissance retransmis son et vid\u00e9o sur le site web de l\u2019\u00c9glise. Ce temps de r\u00e9jouissances a replac\u00e9 cette \u00ab nouvelle \u00bb \u00e9glise dans ce nouveau quartier. Les autorit\u00e9s ont appr\u00e9ci\u00e9 nos d\u00e9marches de pr\u00e9sentation. Un maire nous a pr\u00e9sent\u00e9s \u00e0 son confr\u00e8re, et un troisi\u00e8me a facilit\u00e9 les d\u00e9marches aupr\u00e8s des services de l\u2019Eurom\u00e9tropole de Strasbourg. Pour la petite histoire, nous sommes situ\u00e9s sur la limite de 2 municipalit\u00e9s, d\u2019o\u00f9 notre nouveau sigle BN LingO pour Lingolsheim\/Ostwald.<\/span><\/span><\/span><\/p>\n<p align=\"JUSTIFY\">\u00a0<\/p>\n<hr \/>\n<p align=\"JUSTIFY\">NOTES<\/p>\n<p align=\"JUSTIFY\">\u00a0<\/p>\n<p align=\"JUSTIFY\"><span style=\"font-family: Arial; font-size: small;\"><strong>1.<\/strong> \u00c9glise \u00ab La Bonne Nouvelle \u00bb de Lingolsheim (<a href=\"http:\/\/www.bnlingo.fr\">www.bnlingo.fr<\/a>) <\/span><\/p>\n<p align=\"JUSTIFY\">\u00a0<\/p>\n<p align=\"JUSTIFY\"><span style=\"font-family: Arial; font-size: small;\"><strong>2.<\/strong> \u00c9glise \u00ab La Bonne Nouvelle \u00bb Lingolsheim- Ostwald <\/span><\/p>\n<p align=\"JUSTIFY\">\u00a0<\/p>\n<p align=\"JUSTIFY\"><span style=\"font-family: Arial; font-size: small;\"><strong>3.<\/strong> <a href=\"http:\/\/www.eglises.org\/types\/foursquare\/\">www.eglises.org\/types\/foursquare\/<\/a><\/span><\/p>\n","protected":false},"excerpt":{"rendered":"<p>De la BNL1 \u00e0 la BN LingO2, que de chemin parcouru &nbsp; &nbsp; &nbsp; Un peu d\u2019histoire avec quelques dates clefs : \u00a0 8 f\u00e9vrier 1987 : Assembl\u00e9e g\u00e9n\u00e9rale constitutive de l\u2019association cultuelle de \u00ab La Bonne Nouvelle \u00bb de Lingolsheim. 1988 : Achat d\u2019une ancienne sup\u00e9rette pour en faire des locaux d\u2019\u00c9glise apr\u00e8s 8 [&hellip;]<\/p>\n","protected":false},"author":27,"featured_media":0,"comment_status":"closed","ping_status":"closed","sticky":false,"template":"","format":"standard","meta":{"footnotes":""},"categories":[3,84,13],"tags":[],"class_list":["post-9910","post","type-post","status-publish","format-standard","hentry","category-caef","category-fete","category-la-vie-de-leglise"],"_links":{"self":[{"href":"https:\/\/www.servir.caef.net\/index.php?rest_route=\/wp\/v2\/posts\/9910","targetHints":{"allow":["GET"]}}],"collection":[{"href":"https:\/\/www.servir.caef.net\/index.php?rest_route=\/wp\/v2\/posts"}],"about":[{"href":"https:\/\/www.servir.caef.net\/index.php?rest_route=\/wp\/v2\/types\/post"}],"author":[{"embeddable":true,"href":"https:\/\/www.servir.caef.net\/index.php?rest_route=\/wp\/v2\/users\/27"}],"replies":[{"embeddable":true,"href":"https:\/\/www.servir.caef.net\/index.php?rest_route=%2Fwp%2Fv2%2Fcomments&post=9910"}],"version-history":[{"count":0,"href":"https:\/\/www.servir.caef.net\/index.php?rest_route=\/wp\/v2\/posts\/9910\/revisions"}],"wp:attachment":[{"href":"https:\/\/www.servir.caef.net\/index.php?rest_route=%2Fwp%2Fv2%2Fmedia&parent=9910"}],"wp:term":[{"taxonomy":"category","embeddable":true,"href":"https:\/\/www.servir.caef.net\/index.php?rest_route=%2Fwp%2Fv2%2Fcategories&post=9910"},{"taxonomy":"post_tag","embeddable":true,"href":"https:\/\/www.servir.caef.net\/index.php?rest_route=%2Fwp%2Fv2%2Ftags&post=9910"}],"curies":[{"name":"wp","href":"https:\/\/api.w.org\/{rel}","templated":true}]}}