{"id":9920,"date":"2016-07-29T07:39:06","date_gmt":"2016-07-29T07:39:06","guid":{"rendered":"\/?p=9920"},"modified":"2017-03-29T09:25:36","modified_gmt":"2017-03-29T09:25:36","slug":"asmaf-nouvelles-missionnaires-2","status":"publish","type":"post","link":"https:\/\/www.servir.caef.net\/?p=9920","title":{"rendered":"ASMAF &#8211; Nouvelles missionnaires"},"content":{"rendered":"<h1 align=\"JUSTIFY\"><span style=\"font-family: Arial, sans-serif;\"><span style=\"font-size: small;\"><span style=\"color: #4d4d4d;\"><img loading=\"lazy\" decoding=\"async\" class=\"alignnone  wp-image-9868\" src=\"\/wp-content\/uploads\/2017\/03\/asmaf-2.jpg\" alt=\"asmaf-2\" width=\"293\" height=\"124\" hspace=\"10\" vspace=\"10\" srcset=\"https:\/\/www.servir.caef.net\/wp-content\/uploads\/2017\/03\/asmaf-2.jpg 451w, https:\/\/www.servir.caef.net\/wp-content\/uploads\/2017\/03\/asmaf-2-300x127.jpg 300w\" sizes=\"auto, (max-width: 293px) 100vw, 293px\" \/><\/span><\/span><\/span>Le p\u00f4le mission des CAEF<\/h1>\n<h1 style=\"text-align: center;\" align=\"JUSTIFY\">\u00a0<\/h1>\n<h1 style=\"text-align: center;\" align=\"JUSTIFY\">Nouvelles missionnaires<\/h1>\n<p align=\"JUSTIFY\">\u00a0<\/p>\n<p align=\"JUSTIFY\">\u00a0<\/p>\n<p align=\"JUSTIFY\"><span style=\"font-family: Arial, sans-serif;\"><span style=\"font-size: small;\"><span style=\"color: #000000;\"><i><strong>Le p\u00f4le mission des CAEF<\/strong> est <\/i><\/span><span style=\"color: #000000;\">officiellement lanc\u00e9 depuis le Congr\u00e8s de nos assembl\u00e9es \u00e0 Nantes en mai dernier : <\/span><\/span><\/span><\/p>\n<p align=\"JUSTIFY\"><span style=\"font-family: Arial, sans-serif;\"><span style=\"font-size: small;\"><span style=\"color: #000000;\">\u2022 nouveau site internet : <a href=\"http:\/\/mission.caef.net\/\">http:\/\/mission.caef.net\/ <\/a><\/span><\/span><\/span><\/p>\n<p align=\"JUSTIFY\"><span style=\"font-family: Arial, sans-serif;\"><span style=\"font-size: small;\"><span style=\"color: #000000;\">\u2022 nouvelles r\u00e9guli\u00e8res sur la page Facebook <\/span><span style=\"color: #000000;\"><b>: <\/b><\/span><span style=\"color: #000000;\"><a href=\"http:\/\/www.facebook.com\/mission.caef\/\">www.facebook.com\/mission. caef\/<\/a><\/span><\/span><\/span><\/p>\n<p align=\"JUSTIFY\">\u00a0<\/p>\n<h3 align=\"JUSTIFY\">\u00ab La mission dans tous ses \u00e9tats \u00bb \u00e9tait le th\u00e8me de ce Congr\u00e8s CAEF 2016 et constituait une occasion privil\u00e9gi\u00e9e de nous encourager les uns les autres \u00e0 la mission que le Seigneur nous a confi\u00e9e !<\/h3>\n<p>&nbsp;<\/p>\n<p><!--more--><\/p>\n<p align=\"JUSTIFY\"><span style=\"font-family: Arial, sans-serif;\"><span style=\"font-size: small;\"><span style=\"color: #000000;\"><a href=\"\/wp-content\/uploads\/2016\/pdf2016\/Servir 3-2016 Encart.pdf#page=5\"><img loading=\"lazy\" decoding=\"async\" class=\" size-full wp-image-115 alignright\" src=\"\/wp-content\/uploads\/2011\/01\/iconePDF.jpg\" alt=\"iconePDF\" width=\"81\" height=\"76\" \/><\/a>Merci \u00e0 l\u2019\u00e9quipe M21 qui a su nous exhorter dans la bonne humeur et aux nombreux intervenants sur ce th\u00e8me (s\u00e9ances pl\u00e9ni\u00e8res, ateliers, tables rondes). Merci \u00e0 tous nos partenaires, sp\u00e9cialistes en missiologie, que nous avons pu rencontrer dans les stands. Nous sommes reconnaissants pour cet avancement et nous esp\u00e9rons que vous serez nombreux \u00e0 visiter le site, suivre nos \u00e9v\u00e8nements, nous soutenir (les dons en ligne sont possibles) et nous \u00ab liker \u00bb ! <\/span><\/span><\/span><\/p>\n<p align=\"JUSTIFY\">\u00a0<\/p>\n<p align=\"JUSTIFY\">\u00a0<\/p>\n<h2 align=\"JUSTIFY\">Rappel des objectifs du p\u00f4le mission CAEF<\/h2>\n<p align=\"JUSTIFY\">\u00a0<\/p>\n<p align=\"JUSTIFY\"><span style=\"font-family: Arial, sans-serif; font-size: 12pt;\"><span style=\"color: #000000;\"><i><b>Encourager et promouvoir un \u00e9lan missionnaire <\/b><\/i><\/span><\/span><\/p>\n<p align=\"JUSTIFY\">\u00a0<\/p>\n<p align=\"JUSTIFY\"><span style=\"font-family: Arial, sans-serif;\"><span style=\"font-size: small;\"><span style=\"color: #000000;\">\u2022 Sensibiliser les \u00c9glises locales \u00e0 la vision biblique et aux b\u00e9n\u00e9fices d\u2019un engagement missionnaire, notamment transculturel (esprit d\u2019ouverture, affermissement de ses membres, impact local\u2026) <\/span><\/span><\/span><\/p>\n<p align=\"JUSTIFY\">\u00a0<\/p>\n<p align=\"JUSTIFY\"><span style=\"font-family: Arial, sans-serif;\"><span style=\"font-size: small;\"><span style=\"color: #000000;\">\u2022 Susciter des vocations \u00e0 moyen ou long terme <\/span><\/span><\/span><\/p>\n<p align=\"JUSTIFY\">\u00a0<\/p>\n<p align=\"JUSTIFY\"><span style=\"font-family: Arial, sans-serif;\"><span style=\"font-size: small;\"><span style=\"color: #000000;\">\u2022 Proposer des formations sp\u00e9cifiques <\/span><\/span><\/span><\/p>\n<p align=\"JUSTIFY\">\u00a0<\/p>\n<p align=\"JUSTIFY\"><span style=\"font-family: Arial, sans-serif;\"><span style=\"font-size: small;\"><span style=\"color: #000000;\"><i><b><span style=\"font-size: 12pt;\">Soutenir et d\u00e9velopper des oeuvres missionnaires<\/span> <\/b><\/i><\/span><\/span><\/span><\/p>\n<p align=\"JUSTIFY\">\u00a0<\/p>\n<p align=\"JUSTIFY\"><span style=\"font-family: Arial, sans-serif;\"><span style=\"font-size: small;\"><span style=\"color: #000000;\">\u2022 Encourager et accompagner des \u00c9glises de m\u00eame confession de foi au niveau international (relations, formations, financement, mise en place d\u2019actions sociales, humanitaires ou culturelles). <\/span><\/span><\/span><\/p>\n<p align=\"JUSTIFY\">\u00a0<\/p>\n<p align=\"JUSTIFY\"><span style=\"font-family: Arial, sans-serif;\"><span style=\"font-size: small;\"><span style=\"color: #000000;\">\u2022 Soutenir les missionnaires issus de nos assembl\u00e9es et servant dans diverses missions. <\/span><\/span><\/span><\/p>\n<p align=\"JUSTIFY\">\u00a0<\/p>\n<p align=\"JUSTIFY\">\u00a0<\/p>\n<h2 align=\"JUSTIFY\">Le p\u00f4le mission CAEF, mon \u00c9glise locale et moi ?<\/h2>\n<p align=\"JUSTIFY\">\u00a0<\/p>\n<p align=\"JUSTIFY\"><span style=\"font-family: Arial, sans-serif;\"><span style=\"font-size: small;\"><span style=\"color: #000000;\">Vous vous posez peut-\u00eatre les questions suivantes : Une synergie de nos \u00c9glises locales autour de la mission transculturelle nous concerne-t-elle ? Cette synergie sera-t-elle un plus pour le d\u00e9veloppement des engagements sur le champ missionnaire ? En quoi le nouveau p\u00f4le mission pourrait-il \u00eatre utile \u00e0 l\u2019\u00e9dification de mon assembl\u00e9e ? <\/span><\/span><\/span><\/p>\n<p align=\"JUSTIFY\">\u00a0<\/p>\n<p align=\"JUSTIFY\"><span style=\"font-family: Arial, sans-serif;\"><span style=\"font-size: small;\"><span style=\"color: #000000;\">Nous croyons que le p\u00f4le mission, comme un maillon entre nos \u00c9glises et le terrain, peut permettre \u00e0 bien des niveaux de mieux r\u00e9pondre \u00e0 l\u2019appel du Seigneur. <\/span><\/span><\/span><\/p>\n<p align=\"JUSTIFY\">\u00a0<\/p>\n<p align=\"JUSTIFY\"><span style=\"font-family: Arial, sans-serif;\"><span style=\"font-size: small;\"><span style=\"color: #000000;\">\u2022 Pour <\/span><span style=\"color: #000000;\"><i>les personnes en recherche spirituelle <\/i><\/span><span style=\"color: #000000;\">: <\/span><\/span><\/span><\/p>\n<p align=\"JUSTIFY\"><span style=\"font-family: Arial, sans-serif;\"><span style=\"font-size: small;\"><span style=\"color: #000000;\">&#8211; Le d\u00e9veloppement du p\u00f4le mission d\u00e9montre l\u2019int\u00e9r\u00eat de l\u2019\u00c9glise pour le travail humanitaire et social, domaine o\u00f9 nous sommes observ\u00e9s et attendus par nos contemporains ! <\/span><\/span><\/span><\/p>\n<p align=\"JUSTIFY\"><span style=\"font-family: Arial, sans-serif;\"><span style=\"font-size: small;\"><span style=\"color: #000000;\">&#8211; Les projets port\u00e9s par le p\u00f4le mission sont aussi l\u2019occasion de d\u00e9couvrir le <\/span><\/span><\/span><span style=\"font-family: Arial, sans-serif;\"><span style=\"font-size: small;\"><span style=\"color: #000000;\">service, l\u2019engagement chr\u00e9tien, la d\u00e9pendance de Dieu, l\u2019amour pour le prochain et de prendre du recul sur notre soci\u00e9t\u00e9 de consommation. <\/span><\/span><\/span><\/p>\n<p align=\"JUSTIFY\">\u00a0<\/p>\n<p align=\"JUSTIFY\"><span style=\"font-family: Arial, sans-serif;\"><span style=\"font-size: small;\"><span style=\"color: #000000;\">\u2022 Pour <\/span><span style=\"color: #000000;\"><i>les personnes d\u00e9sireuses de servir : <\/i><\/span><\/span><\/span><\/p>\n<p align=\"JUSTIFY\"><span style=\"font-family: Arial, sans-serif;\"><span style=\"font-size: small;\"><span style=\"color: #000000;\">&#8211; En collaboration avec leur assembl\u00e9e locale, nous proposons de les orienter au mieux dans leur recherche, les guider, les conseiller et les accompagner dans leur service et la d\u00e9couverte de leurs dons. <\/span><\/span><\/span><\/p>\n<p align=\"JUSTIFY\">\u00a0<\/p>\n<p align=\"JUSTIFY\"><span style=\"font-family: Arial, sans-serif;\"><span style=\"font-size: small;\"><span style=\"color: #000000;\">\u2022 Pour <\/span><span style=\"color: #000000;\"><i>l\u2019\u00c9glise locale : <\/i><\/span><\/span><\/span><\/p>\n<p align=\"JUSTIFY\"><span style=\"font-family: Arial, sans-serif;\"><span style=\"font-size: small;\"><span style=\"color: #000000;\">&#8211; L\u2019impliquer dans la synergie missionnaire CAEF internationale, lui faire prendre conscience qu\u2019un engagement social et\/ou humanitaire valorise le t\u00e9moignage local. <\/span><\/span><\/span><\/p>\n<p align=\"JUSTIFY\"><span style=\"font-family: Arial, sans-serif;\"><span style=\"font-size: small;\"><span style=\"color: #000000;\">&#8211; Donner des informations et proposer des outils de communication lui permettant d\u2019\u00eatre plus pertinente dans son ouverture \u00e0 l\u2019oeuvre de Dieu. <\/span><\/span><\/span><\/p>\n<p align=\"JUSTIFY\"><span style=\"font-family: Arial, sans-serif;\"><span style=\"font-size: small;\"><span style=\"color: #000000;\">&#8211; Favoriser la mise en place d\u2019une personne ressource locale et l\u2019\u00e9quiper pour relayer le travail du p\u00f4le mission afin de sensibiliser les membres de l\u2019assembl\u00e9e. <\/span><\/span><\/span><\/p>\n<p align=\"JUSTIFY\"><span style=\"font-family: Arial, sans-serif;\"><span style=\"font-size: small;\"><span style=\"color: #000000;\">&#8211; Lui permettre en tant que communaut\u00e9 locale d\u2019\u00eatre mieux coordonn\u00e9e et donc plus efficace dans ses diff\u00e9rents efforts en faveur de la mission au-del\u00e0 de nos fronti\u00e8res. <\/span><\/span><\/span><\/p>\n<p align=\"JUSTIFY\">\u00a0<\/p>\n<p align=\"JUSTIFY\"><span style=\"font-family: Arial, sans-serif;\"><span style=\"font-size: small;\"><span style=\"color: #000000;\">\u2022 Pour <\/span><span style=\"color: #000000;\"><i>les missionnaires CAEF <\/i><\/span><span style=\"color: #000000;\">en mission transculturelle : <\/span><\/span><\/span><\/p>\n<p align=\"JUSTIFY\"><span style=\"font-family: Arial, sans-serif;\"><span style=\"font-size: small;\"><span style=\"color: #000000;\">&#8211; Leur donner plus de visibilit\u00e9. Cr\u00e9er et entretenir le lien avec leur union d\u2019\u00c9glises afin de les encourager. <\/span><\/span><\/span><\/p>\n<p align=\"JUSTIFY\">\u00a0<\/p>\n<p align=\"JUSTIFY\"><span style=\"font-family: Arial, sans-serif;\"><span style=\"font-size: small;\"><span style=\"color: #000000;\">\u2022 Pour <\/span><span style=\"color: #000000;\"><i>le champ missionnaire <\/i><\/span><span style=\"color: #000000;\">: <\/span><\/span><\/span><\/p>\n<p align=\"JUSTIFY\"><span style=\"font-family: Arial, sans-serif;\"><span style=\"font-size: small;\"><span style=\"color: #000000;\">&#8211; Unir nos forces pour aider et encourager les \u00c9glises partenaires dans leurs missions d\u2019implantation d\u2019\u00c9glises et d\u2019affermissement. B\u00e9n\u00e9ficier \u00e9galement de leurs regards et exp\u00e9riences pour notre union. <\/span><\/span><\/span><\/p>\n<p align=\"JUSTIFY\">\u00a0<\/p>\n<p align=\"JUSTIFY\"><span style=\"font-family: Arial, sans-serif;\"><span style=\"font-size: small;\"><span style=\"color: #000000;\">\u2022 Pour <\/span><span style=\"color: #000000;\"><i>les organisations missionnaires et organismes de formation <\/i><\/span><span style=\"color: #000000;\">: <\/span><\/span><\/span><\/p>\n<p align=\"JUSTIFY\"><span style=\"font-family: Arial, sans-serif;\"><span style=\"font-size: small;\"><span style=\"color: #000000;\">&#8211; S\u2019enrichir les uns les autres en b\u00e9n\u00e9ficiant de l\u2019exp\u00e9rience de chacun et en collaborant (La F\u00e9d\u00e9ration de Missions \u00c9vang\u00e9liques Francophones, la SIM, le MENA, Wycliffe, OM\u2026). <\/span><\/span><\/span><\/p>\n<p align=\"JUSTIFY\"><span style=\"font-family: Arial, sans-serif;\"><span style=\"font-size: small;\"><span style=\"color: #000000;\">&#8211; Mutualiser nos comp\u00e9tences et moyens. <\/span><\/span><\/span><\/p>\n<p align=\"JUSTIFY\"><span style=\"font-family: Arial, sans-serif;\"><span style=\"font-size: small;\"><span style=\"color: #000000;\">&#8211; Faire conna\u00eetre et proposer les formations sp\u00e9cifiques. <\/span><\/span><\/span><\/p>\n<p align=\"JUSTIFY\">\u00a0<\/p>\n<p align=\"JUSTIFY\"><span style=\"font-family: Arial, sans-serif;\"><span style=\"font-size: small;\"><span style=\"color: #000000;\">\u2022 Pour <\/span><span style=\"color: #000000;\"><i>notre union d\u2019\u00c9glises <\/i><\/span><span style=\"color: #000000;\">: <\/span><\/span><\/span><\/p>\n<p align=\"JUSTIFY\"><span style=\"font-family: Arial, sans-serif;\"><span style=\"font-size: small;\"><span style=\"color: #000000;\">&#8211; Se rapprocher les uns des autres en collaborant sur des projets communs, c\u2019est vivre l\u2019unit\u00e9, l\u2019esprit de famille. <\/span><\/span><\/span><\/p>\n<p align=\"JUSTIFY\">\u00a0<\/p>\n<p align=\"JUSTIFY\">\u00a0<\/p>\n<h2 align=\"JUSTIFY\">Synergie gagnante !<\/h2>\n<p align=\"JUSTIFY\">\u00a0<\/p>\n<p align=\"JUSTIFY\"><span style=\"font-family: Arial, sans-serif;\"><span style=\"font-size: small;\"><span style=\"color: #000000;\">Nous esp\u00e9rons que ce travail sera utile dans l\u2019avancement du royaume de Dieu, qu\u2019il puisse avoir des retomb\u00e9es significatives sur la dynamique de nos \u00c9glises, sur celles que nous encourageons au loin et dans nos vies personnelles. Nous comptons sur vous ! Notre Seigneur a dit lui-m\u00eame : <\/span><em><span style=\"background-color: #ccffff;\"><span style=\"color: #000000;\">Il y a plus de bonheur \u00e0 donner qu\u2019\u00e0 recevoir ! <\/span><span style=\"color: #000000;\">(Ac 20.35) <\/span><\/span><\/em><\/span><\/span><\/p>\n<table style=\"height: 169px;\" width=\"297\">\n<tbody>\n<tr>\n<td>\u00a0<img loading=\"lazy\" decoding=\"async\" class=\"alignnone  wp-image-9923\" src=\"\/wp-content\/uploads\/2016\/07\/planete-m21-2.jpg\" alt=\"planete-m21-2\" width=\"102\" height=\"141\" srcset=\"https:\/\/www.servir.caef.net\/wp-content\/uploads\/2016\/07\/planete-m21-2.jpg 241w, https:\/\/www.servir.caef.net\/wp-content\/uploads\/2016\/07\/planete-m21-2-216x300.jpg 216w\" sizes=\"auto, (max-width: 102px) 100vw, 102px\" \/><\/td>\n<td>\u00a0<img loading=\"lazy\" decoding=\"async\" class=\"alignnone  wp-image-9922\" src=\"\/wp-content\/uploads\/2016\/07\/planete-m21.jpg\" alt=\"planete-m21\" width=\"177\" height=\"143\" srcset=\"https:\/\/www.servir.caef.net\/wp-content\/uploads\/2016\/07\/planete-m21.jpg 609w, https:\/\/www.servir.caef.net\/wp-content\/uploads\/2016\/07\/planete-m21-300x243.jpg 300w\" sizes=\"auto, (max-width: 177px) 100vw, 177px\" \/><\/td>\n<\/tr>\n<\/tbody>\n<\/table>\n<p align=\"JUSTIFY\"><span style=\"font-family: Arial, sans-serif;\"><span style=\"font-size: small;\"><span style=\"color: #000000;\"><i>Michel pour l\u2019\u00e9quipe MISSION CAEF &#8211; Table ronde sur l\u2019engagement ici et l\u00e0-bas ! <\/i><\/span><\/span><\/span><\/p>\n","protected":false},"excerpt":{"rendered":"<p>Le p\u00f4le mission des CAEF \u00a0 Nouvelles missionnaires \u00a0 \u00a0 Le p\u00f4le mission des CAEF est officiellement lanc\u00e9 depuis le Congr\u00e8s de nos assembl\u00e9es \u00e0 Nantes en mai dernier : \u2022 nouveau site internet : http:\/\/mission.caef.net\/ \u2022 nouvelles r\u00e9guli\u00e8res sur la page Facebook : www.facebook.com\/mission. caef\/ \u00a0 \u00ab La mission dans tous ses \u00e9tats \u00bb [&hellip;]<\/p>\n","protected":false},"author":27,"featured_media":0,"comment_status":"closed","ping_status":"closed","sticky":false,"template":"","format":"standard","meta":{"footnotes":""},"categories":[3,5,9],"tags":[],"class_list":["post-9920","post","type-post","status-publish","format-standard","hentry","category-caef","category-conferences-et-congres","category-oeuvres-et-missions"],"_links":{"self":[{"href":"https:\/\/www.servir.caef.net\/index.php?rest_route=\/wp\/v2\/posts\/9920","targetHints":{"allow":["GET"]}}],"collection":[{"href":"https:\/\/www.servir.caef.net\/index.php?rest_route=\/wp\/v2\/posts"}],"about":[{"href":"https:\/\/www.servir.caef.net\/index.php?rest_route=\/wp\/v2\/types\/post"}],"author":[{"embeddable":true,"href":"https:\/\/www.servir.caef.net\/index.php?rest_route=\/wp\/v2\/users\/27"}],"replies":[{"embeddable":true,"href":"https:\/\/www.servir.caef.net\/index.php?rest_route=%2Fwp%2Fv2%2Fcomments&post=9920"}],"version-history":[{"count":0,"href":"https:\/\/www.servir.caef.net\/index.php?rest_route=\/wp\/v2\/posts\/9920\/revisions"}],"wp:attachment":[{"href":"https:\/\/www.servir.caef.net\/index.php?rest_route=%2Fwp%2Fv2%2Fmedia&parent=9920"}],"wp:term":[{"taxonomy":"category","embeddable":true,"href":"https:\/\/www.servir.caef.net\/index.php?rest_route=%2Fwp%2Fv2%2Fcategories&post=9920"},{"taxonomy":"post_tag","embeddable":true,"href":"https:\/\/www.servir.caef.net\/index.php?rest_route=%2Fwp%2Fv2%2Ftags&post=9920"}],"curies":[{"name":"wp","href":"https:\/\/api.w.org\/{rel}","templated":true}]}}