{"id":9950,"date":"2015-07-03T13:12:56","date_gmt":"2015-07-03T13:12:56","guid":{"rendered":"\/?p=9950"},"modified":"2017-04-03T13:58:18","modified_gmt":"2017-04-03T13:58:18","slug":"nouvelles-des-caef-eglise-protestante-evangelique-le-rocher-a-gap","status":"publish","type":"post","link":"https:\/\/www.servir.caef.net\/?p=9950","title":{"rendered":"Nouvelles des CAEF &#8211; \u00c9glise Protestante \u00c9vang\u00e9lique \u00ab Le Rocher \u00bb \u00e0 Gap"},"content":{"rendered":"<h1 style=\"text-align: center;\"><img loading=\"lazy\" decoding=\"async\" class=\"size-full wp-image-7465 alignleft\" src=\"\/wp-content\/uploads\/2007\/05\/nouvelles-CAEF.jpg\" alt=\"nouvelles-CAEF\" width=\"51\" height=\"624\" hspace=10 vspace=10 \/><\/h1>\n<h1 style=\"text-align: center;\">\u00c9glise Protestante \u00c9vang\u00e9lique<\/h1>\n<h1 style=\"text-align: center;\">\u00a0<\/h1>\n<h1 style=\"text-align: center;\">\u00ab Le Rocher \u00bb \u00e0 Gap<\/h1>\n<p>&nbsp;<\/p>\n<p><img loading=\"lazy\" decoding=\"async\" class=\"wp-image-9951 aligncenter\" src=\"\/wp-content\/uploads\/2017\/04\/gap-1.jpg\" alt=\"gap-1\" width=\"539\" height=\"404\" srcset=\"https:\/\/www.servir.caef.net\/wp-content\/uploads\/2017\/04\/gap-1.jpg 990w, https:\/\/www.servir.caef.net\/wp-content\/uploads\/2017\/04\/gap-1-300x225.jpg 300w, https:\/\/www.servir.caef.net\/wp-content\/uploads\/2017\/04\/gap-1-768x576.jpg 768w\" sizes=\"auto, (max-width: 539px) 100vw, 539px\" \/><\/p>\n<p>&nbsp;<\/p>\n<p style=\"text-align: center;\" align=\"LEFT\"><span style=\"color: #000000; background-color: #ccffff;\"><span style=\"font-family: Arial, sans-serif;\"><span style=\"font-size: small;\"><i><b>\u00ab J\u2019entendis alors le Seigneur demander : Qui vais-je envoyer ? Qui sera notre porte-parole <\/b><\/i><i><b>? \u2014 Moi, r\u00e9pondis-je, tu peux m\u2019envoyer. \u00bb <\/b><\/i><em>(\u00c9sa\u00efe 6.8)<\/em> <\/span><\/span><\/span><\/p>\n<p style=\"text-align: justify;\" align=\"LEFT\">\u00a0<\/p>\n<h3>Semaine d\u2019\u00e9vang\u00e9lisation<\/h3>\n<p style=\"text-align: justify;\">\u00a0<\/p>\n<p style=\"text-align: justify;\"><span style=\"color: #000000;\"><span style=\"font-family: Arial, sans-serif;\"><span style=\"font-size: small;\">Le mois de mars a \u00e9t\u00e9 un mois particulier au \u00ab Rocher \u00bb. Du 23 au 29 mars, nous avons organis\u00e9 une semaine d\u2019\u00e9vang\u00e9lisation qui \u00e9tait programm\u00e9e depuis deux ans. Celle-ci a pu avoir lieu gr\u00e2ce \u00e0 l\u2019aide d\u2019une \u00e9quipe de 8 personnes de l\u2019Institut Biblique Belge ainsi que de son directeur, James Hely Hutchinson. <\/span><\/span><\/span><\/p>\n<p style=\"text-align: justify;\">\u00a0<!--more--><\/p>\n<p style=\"text-align: justify;\">\u00a0<\/p>\n<p style=\"text-align: justify;\"><span style=\"color: #000000;\"><span style=\"font-family: Arial, sans-serif;\"><span style=\"font-size: small;\"><i><strong><em><a href=\"\/wp-content\/uploads\/2015\/pdf2015\/CAEF-Servir3-2015-ENCART3-IMEAF.pdf#page=5\" target=\"_blank\"><img loading=\"lazy\" decoding=\"async\" title=\"iconePDF\" src=\"\/wp-content\/uploads\/2011\/01\/iconePDF.jpg\" alt=\"\" width=\"81\" height=\"76\" align=\"right\" hspace=\"8\" vspace=\"8\" \/><\/a><\/em><\/strong><\/i>Quelle exp\u00e9rience extraordinaire ! Depuis bien longtemps, l\u2019\u00c9glise du \u00ab Rocher \u00bb ne s\u2019\u00e9tait pas autant activ\u00e9e pour \u00e9vang\u00e9liser la ville de Gap. <\/span><\/span><\/span><\/p>\n<p style=\"text-align: justify;\">\u00a0<\/p>\n<p style=\"text-align: justify;\"><span style=\"color: #000000;\"><span style=\"font-family: Arial, sans-serif;\"><span style=\"font-size: small;\">Lundi 23 mars, l\u2019\u00e9quipe arrive en fin de matin\u00e9e au \u00ab Rocher \u00bb. Certains membres s\u2019\u00e9taient lev\u00e9s \u00e0 3 heures du matin ! Bruxelles, ce n\u2019est pas la porte \u00e0 c\u00f4t\u00e9 ! Apr\u00e8s un bon caf\u00e9 pour r\u00e9veiller les troupes, nous voil\u00e0 partis pour cette semaine marathon tant attendue. <\/span><\/span><\/span><\/p>\n<p style=\"text-align: justify;\">\u00a0<\/p>\n<p style=\"text-align: justify;\"><span style=\"color: #000000;\"><span style=\"font-family: Arial, sans-serif;\"><span style=\"font-size: small;\">Le lundi fut une journ\u00e9e de formation \u00e0 l\u2019\u00e9vang\u00e9lisation et d\u2019intercession o\u00f9 beaucoup de personnes de l\u2019\u00c9glise \u00e9taient pr\u00e9sentes. Le soir, nous avons eu un temps de pri\u00e8re et de louange tr\u00e8s fort.<\/span><\/span><\/span><\/p>\n<p style=\"text-align: justify;\">\u00a0<\/p>\n<p style=\"text-align: justify;\"><span style=\"color: #000000;\"><span style=\"font-family: Arial, sans-serif;\"><span style=\"font-size: small;\"> Le mardi matin et tout au long de la semaine, tous les membres de l\u2019\u00e9quipe ainsi que plusieurs membres du \u00ab Rocher \u00bb ont vraiment fait de leur mieux pour parler du Seigneur, que ce soit dans les rues, sur les places, dans les parcs et nous avons constat\u00e9 que nous avons essuy\u00e9 peu de refus cat\u00e9goriques de discuter autour de la foi. Les contacts ont \u00e9t\u00e9 plus qu\u2019encourageants. <\/span><\/span><\/span><\/p>\n<p style=\"text-align: justify;\">\u00a0<\/p>\n<p style=\"text-align: justify;\"><span style=\"color: #000000;\"><span style=\"font-family: Arial, sans-serif;\"><span style=\"font-size: small;\">Avec le beau temps que Dieu a permis (nous sommes \u00e0 Gap, 300 jours de soleil par an !), nous avons eu de tr\u00e8s bons contacts au march\u00e9 du mercredi matin. Malgr\u00e9 le froid, dans l\u2019apr\u00e8s-midi, pendant qu\u2019au \u00ab Rocher \u00bb il y avait un club d\u2019enfants, \u00e0 la P\u00e9pini\u00e8re (parc public de Gap), le graffeur Frank Gaudin par son art nous a permis d\u2019avoir quelques contacts int\u00e9ressants malgr\u00e9 le peu de fr\u00e9quentation d\u00fb \u00e0 la m\u00e9t\u00e9o. En m\u00eame temps, les scouts (\u00c9claireurs \u00c9vang\u00e9liques de France) ont fait une session \u00ab d\u00e9couverte du scoutisme \u00bb. <\/span><\/span><\/span><\/p>\n<p style=\"text-align: justify;\">\u00a0<\/p>\n<p style=\"text-align: justify;\"><span style=\"color: #000000;\"><span style=\"font-family: Arial, sans-serif;\"><span style=\"font-size: small;\">Le vendredi apr\u00e8s-midi, l\u2019\u00e9quipe a annonc\u00e9 l\u2019\u00c9vangile \u00e0 la maison de retraite \u00ab Tiers Temps \u00bb. L\u2019accueil a \u00e9t\u00e9 tr\u00e8s favorable et une personne a donn\u00e9 sa vie \u00e0 J\u00e9sus. Le soir, il y a eu au \u00ab Rocher \u00bb une soir\u00e9e t\u00e9moignages avec barbecue. Plusieurs personnes (notamment des jeunes) contact\u00e9es en ville sont venues et ont entendu les t\u00e9moignages de membres de l\u2019\u00e9quipe de l\u2019IBB. <\/span><\/span><\/span><\/p>\n<p style=\"text-align: justify;\" align=\"LEFT\">\u00a0<\/p>\n<p><center><\/p>\n<table>\n<tbody>\n<tr>\n<td><img decoding=\"async\" class=\"alignnone  wp-image-9953\" src=\"\/wp-content\/uploads\/2017\/04\/gap-2.jpg\" alt=\"gap-2\" width=\"200\" srcset=\"https:\/\/www.servir.caef.net\/wp-content\/uploads\/2017\/04\/gap-2.jpg 312w, https:\/\/www.servir.caef.net\/wp-content\/uploads\/2017\/04\/gap-2-300x225.jpg 300w\" sizes=\"(max-width: 312px) 100vw, 312px\" \/>\u00a0<\/td>\n<td><img decoding=\"async\" class=\"alignnone  wp-image-9954\" src=\"\/wp-content\/uploads\/2017\/04\/gap-3.jpg\" alt=\"gap-3\" width=\"200\" srcset=\"https:\/\/www.servir.caef.net\/wp-content\/uploads\/2017\/04\/gap-3.jpg 368w, https:\/\/www.servir.caef.net\/wp-content\/uploads\/2017\/04\/gap-3-300x169.jpg 300w\" sizes=\"(max-width: 368px) 100vw, 368px\" \/>\u00a0<\/td>\n<td><img decoding=\"async\" class=\"alignnone  wp-image-9955\" src=\"\/wp-content\/uploads\/2017\/04\/gap-4.jpg\" alt=\"gap-4\" width=\"200\" srcset=\"https:\/\/www.servir.caef.net\/wp-content\/uploads\/2017\/04\/gap-4.jpg 323w, https:\/\/www.servir.caef.net\/wp-content\/uploads\/2017\/04\/gap-4-300x225.jpg 300w\" sizes=\"(max-width: 323px) 100vw, 323px\" \/>\u00a0<\/td>\n<\/tr>\n<\/tbody>\n<\/table>\n<p><\/center><\/p>\n<p style=\"text-align: justify;\" align=\"LEFT\">\u00a0<\/p>\n<p style=\"text-align: justify;\" align=\"LEFT\"><span style=\"color: #000000;\"><span style=\"font-family: Arial, sans-serif;\"><span style=\"font-size: small;\">Le samedi matin, comme le mercredi, il y a eu un stand au march\u00e9. Il y avait \u00e9norm\u00e9ment de passages, mais finalement moins de contacts que le mercredi. Pendant le march\u00e9, une \u00e9quipe de jeunesse chr\u00e9tienne asiatique (<a href=\"http:\/\/jca.france.free.fr\">jca.france.free.fr<\/a>) a annonc\u00e9 l\u2019\u00c9vangile au moyen de mimes sur l\u2019Espace de la Libert\u00e9, ce qui a attir\u00e9 par contre beaucoup de monde et permis de tr\u00e8s bonnes discussions avec des personnes dont l\u2019une est venue au culte par la suite. <\/span><\/span><\/span><\/p>\n<p style=\"text-align: justify;\" align=\"LEFT\">\u00a0<\/p>\n<p style=\"text-align: justify;\" align=\"LEFT\"><span style=\"color: #000000;\"><span style=\"font-family: Arial, sans-serif;\"><span style=\"font-size: small;\">L\u2019apr\u00e8s-midi, il y a eu encore une rencontre de scouts (avec beaucoup de nouveaux) au-dessus des b\u00e2timents du quartier Moline. <\/span><\/span><\/span><\/p>\n<p style=\"text-align: justify;\" align=\"LEFT\">\u00a0<\/p>\n<p style=\"text-align: justify;\" align=\"LEFT\"><span style=\"color: #000000;\"><span style=\"font-family: Arial, sans-serif;\"><span style=\"font-size: small;\">Le samedi soir, il y a eu plus de 130 entr\u00e9es au cin\u00e9ma \u00ab Le Royal \u00bb o\u00f9 nous avons pu appr\u00e9cier les talents artistiques du groupe X-tra C\u00e9leste de Lyon. <\/span><\/span><\/span><\/p>\n<p style=\"text-align: justify;\" align=\"LEFT\">\u00a0<\/p>\n<p style=\"text-align: justify;\" align=\"LEFT\"><span style=\"color: #000000;\"><span style=\"font-family: Arial, sans-serif;\"><span style=\"font-size: small;\">Journ\u00e9e exceptionnelle que celle du dimanche 29 mars avec un culte d\u2019accueil dont James Hely Hutchinson \u00e9tait l\u2019orateur. Il y avait beaucoup de monde, dont de nouvelles personnes. Apr\u00e8s l\u2019agape, Dieu nous a permis de nous r\u00e9jouir de 2 bapt\u00eames : ceux de Kevin et de Cynthia qui ont particip\u00e9 il y a quelques mois \u00e0 des parcours de foi que nous organisons r\u00e9guli\u00e8rement dans l\u2019ann\u00e9e. <\/span><\/span><\/span><\/p>\n<p style=\"text-align: justify;\" align=\"LEFT\">\u00a0<\/p>\n<p style=\"text-align: justify;\" align=\"LEFT\"><span style=\"color: #000000;\"><span style=\"font-family: Arial, sans-serif;\"><span style=\"font-size: small;\">Le bilan est tr\u00e8s positif. Cette \u00e9vang\u00e9lisation dont nous n\u2019avons pas encore vu tous les fruits a permis de mieux faire conna\u00eetre notre \u00c9glise, de parler de l\u2019\u00c9vangile \u00e0 \u00e9norm\u00e9ment de monde chaque jour. Nous avons remarqu\u00e9 d\u2019ailleurs que peu connaissent le message central de la Bible et qu\u2019un tr\u00e8s grand nombre ne sait absolument rien de J\u00e9sus, ce qui nous encourage \u00e0 pers\u00e9v\u00e9rer. <\/span><\/span><\/span><\/p>\n<p style=\"text-align: justify;\" align=\"LEFT\">\u00a0<\/p>\n<p style=\"text-align: justify;\" align=\"LEFT\"><span style=\"color: #000000;\"><span style=\"font-family: Arial, sans-serif;\"><span style=\"font-size: small;\">Le bilan est tr\u00e8s positif \u00e9galement en ce qui concerne notre communaut\u00e9. Environ 90 % des membres de l\u2019\u00c9glise se sont engag\u00e9s dans au moins une activit\u00e9 en apportant leur aide selon leur disponibilit\u00e9. Cette \u00e9vang\u00e9lisation a permis de f\u00e9d\u00e9rer encore un peu plus notre communaut\u00e9 et nous en voyons les fruits tous les jours. <\/span><\/span><\/span><\/p>\n<p style=\"text-align: justify;\" align=\"LEFT\">\u00a0<\/p>\n<p style=\"text-align: justify;\" align=\"LEFT\"><span style=\"color: #000000;\"><span style=\"font-family: Arial, sans-serif;\"><span style=\"font-size: small;\">Certains se sont aussi d\u00e9couvert des dons. Depuis, plusieurs personnes partent r\u00e9guli\u00e8rement dans les rues (tous les quinze jours) pour parler de l\u2019\u00c9vangile. <\/span><\/span><\/span><\/p>\n<p style=\"text-align: justify;\" align=\"LEFT\">\u00a0<\/p>\n<p style=\"text-align: justify;\" align=\"LEFT\"><span style=\"color: #000000;\"><span style=\"font-family: Arial, sans-serif;\"><span style=\"font-size: small;\">La maison de retraite nous a demand\u00e9 de revenir et nous avons constitu\u00e9 une petite \u00e9quipe de personnes qui d\u00e9sirent s\u2019investir dans ce minist\u00e8re. Nous avons remarqu\u00e9 \u00e9galement que, par la gr\u00e2ce de Dieu, de nouveaux contacts, pas forc\u00e9ment rencontr\u00e9s directement \u00e0 l\u2019\u00e9vang\u00e9lisation du mois de mars, se sont montr\u00e9s int\u00e9ress\u00e9s par un parcours de foi (3 personnes). Nous prenons cela comme un encouragement de Dieu \u00e0 pers\u00e9v\u00e9rer dans notre volont\u00e9 de faire conna\u00eetre J\u00e9sus et son message autour de nous. <\/span><\/span><\/span><\/p>\n<p style=\"text-align: justify;\" align=\"LEFT\">\u00a0<\/p>\n<p style=\"text-align: justify;\" align=\"LEFT\"><span style=\"color: #000000;\"><span style=\"font-family: Arial, sans-serif;\"><span style=\"font-size: small;\">Cette exp\u00e9rience est \u00e0 renouveler et nous sommes d\u00e9j\u00e0 partants pour une nouvelle campagne 2017 ! Que Dieu nous conduise. <\/span><\/span><\/span><\/p>\n<p style=\"text-align: justify;\" align=\"LEFT\">\u00a0<\/p>\n<p style=\"text-align: justify;\" align=\"LEFT\"><span style=\"color: #000000;\"><span style=\"font-family: Arial, sans-serif;\"><span style=\"font-size: small;\"><b>Aur\u00e9lien CASTELAIN<\/b><\/span><\/span><\/span><\/p>\n<p style=\"text-align: justify;\" align=\"LEFT\">\u00a0<\/p>\n<p style=\"text-align: justify;\" align=\"LEFT\"><img loading=\"lazy\" decoding=\"async\" class=\"wp-image-9952 aligncenter\" src=\"\/wp-content\/uploads\/2017\/04\/gap-5.jpg\" alt=\"gap-5\" width=\"541\" height=\"406\" srcset=\"https:\/\/www.servir.caef.net\/wp-content\/uploads\/2017\/04\/gap-5.jpg 991w, https:\/\/www.servir.caef.net\/wp-content\/uploads\/2017\/04\/gap-5-300x225.jpg 300w, https:\/\/www.servir.caef.net\/wp-content\/uploads\/2017\/04\/gap-5-768x576.jpg 768w\" sizes=\"auto, (max-width: 541px) 100vw, 541px\" \/><\/p>\n<p>&nbsp;<\/p>\n","protected":false},"excerpt":{"rendered":"<p>\u00c9glise Protestante \u00c9vang\u00e9lique \u00a0 \u00ab Le Rocher \u00bb \u00e0 Gap &nbsp; &nbsp; \u00ab J\u2019entendis alors le Seigneur demander : Qui vais-je envoyer ? Qui sera notre porte-parole ? \u2014 Moi, r\u00e9pondis-je, tu peux m\u2019envoyer. \u00bb (\u00c9sa\u00efe 6.8) \u00a0 Semaine d\u2019\u00e9vang\u00e9lisation \u00a0 Le mois de mars a \u00e9t\u00e9 un mois particulier au \u00ab Rocher \u00bb. Du [&hellip;]<\/p>\n","protected":false},"author":27,"featured_media":0,"comment_status":"closed","ping_status":"closed","sticky":false,"template":"","format":"standard","meta":{"footnotes":""},"categories":[8,13],"tags":[],"class_list":["post-9950","post","type-post","status-publish","format-standard","hentry","category-evangelisation","category-la-vie-de-leglise"],"_links":{"self":[{"href":"https:\/\/www.servir.caef.net\/index.php?rest_route=\/wp\/v2\/posts\/9950","targetHints":{"allow":["GET"]}}],"collection":[{"href":"https:\/\/www.servir.caef.net\/index.php?rest_route=\/wp\/v2\/posts"}],"about":[{"href":"https:\/\/www.servir.caef.net\/index.php?rest_route=\/wp\/v2\/types\/post"}],"author":[{"embeddable":true,"href":"https:\/\/www.servir.caef.net\/index.php?rest_route=\/wp\/v2\/users\/27"}],"replies":[{"embeddable":true,"href":"https:\/\/www.servir.caef.net\/index.php?rest_route=%2Fwp%2Fv2%2Fcomments&post=9950"}],"version-history":[{"count":0,"href":"https:\/\/www.servir.caef.net\/index.php?rest_route=\/wp\/v2\/posts\/9950\/revisions"}],"wp:attachment":[{"href":"https:\/\/www.servir.caef.net\/index.php?rest_route=%2Fwp%2Fv2%2Fmedia&parent=9950"}],"wp:term":[{"taxonomy":"category","embeddable":true,"href":"https:\/\/www.servir.caef.net\/index.php?rest_route=%2Fwp%2Fv2%2Fcategories&post=9950"},{"taxonomy":"post_tag","embeddable":true,"href":"https:\/\/www.servir.caef.net\/index.php?rest_route=%2Fwp%2Fv2%2Ftags&post=9950"}],"curies":[{"name":"wp","href":"https:\/\/api.w.org\/{rel}","templated":true}]}}