{"id":9956,"date":"2015-07-03T13:32:30","date_gmt":"2015-07-03T13:32:30","guid":{"rendered":"\/?p=9956"},"modified":"2017-04-18T10:39:39","modified_gmt":"2017-04-18T10:39:39","slug":"asmaf-nouvelles-missionnaires-courrier-du-tchad","status":"publish","type":"post","link":"https:\/\/www.servir.caef.net\/?p=9956","title":{"rendered":"ASMAF \u2013 Courrier du Tchad"},"content":{"rendered":"<p><img loading=\"lazy\" decoding=\"async\" class=\"alignnone  wp-image-9868\" src=\"\/wp-content\/uploads\/2017\/03\/asmaf-2.jpg\" alt=\"asmaf-2\" width=\"293\" height=\"124\" srcset=\"https:\/\/www.servir.caef.net\/wp-content\/uploads\/2017\/03\/asmaf-2.jpg 451w, https:\/\/www.servir.caef.net\/wp-content\/uploads\/2017\/03\/asmaf-2-300x127.jpg 300w\" sizes=\"auto, (max-width: 293px) 100vw, 293px\" \/><\/p>\n<h1 style=\"text-align: center;\">Courrier du Tchad<\/h1>\n<p>&nbsp;<\/p>\n<p><img loading=\"lazy\" decoding=\"async\" class=\"wp-image-9957 aligncenter\" src=\"\/wp-content\/uploads\/2017\/04\/tchad-2015-2.jpg\" alt=\"tchad-2015-2\" width=\"534\" height=\"358\" srcset=\"https:\/\/www.servir.caef.net\/wp-content\/uploads\/2017\/04\/tchad-2015-2.jpg 2082w, https:\/\/www.servir.caef.net\/wp-content\/uploads\/2017\/04\/tchad-2015-2-300x201.jpg 300w, https:\/\/www.servir.caef.net\/wp-content\/uploads\/2017\/04\/tchad-2015-2-768x514.jpg 768w, https:\/\/www.servir.caef.net\/wp-content\/uploads\/2017\/04\/tchad-2015-2-1024x686.jpg 1024w\" sizes=\"auto, (max-width: 534px) 100vw, 534px\" \/><\/p>\n<p>&nbsp;<\/p>\n<p style=\"text-align: center;\" align=\"LEFT\"><span style=\"color: #000000; background-color: #ccffff;\"><span style=\"font-family: Arial, sans-serif;\"><span style=\"font-size: small;\"><i><b>Dieu est pour nous un rempart, il est un refuge, un secours toujours offert lorsque survient la d\u00e9tresse\u2026 <\/b><\/i><em>(Ps 46.1)<\/em> <\/span><\/span><\/span><\/p>\n<p style=\"text-align: justify;\">\u00a0<\/p>\n<p style=\"text-align: justify;\"><span style=\"color: #800000; font-size: 14pt;\"><strong>Par Evelyne Felix<\/strong><\/span><\/p>\n<p style=\"text-align: justify;\"><img loading=\"lazy\" decoding=\"async\" class=\" wp-image-9959 alignleft\" src=\"\/wp-content\/uploads\/2015\/07\/e-felix.jpg\" alt=\"e-felix\" width=\"92\" height=\"117\" hspace=\"10\" vspace=\"10\" \/><\/p>\n<p style=\"text-align: justify;\">\u00a0<\/p>\n<p style=\"text-align: justify;\"><span style=\"color: #000000;\"><span style=\"font-family: Arial, sans-serif;\"><span style=\"font-size: small;\">Lundi 15 Juin 2015, 9H30 : Nous sommes en pleine r\u00e9union avec des femmes vivant avec le VIH au si\u00e8ge de notre d\u00e9nomination. Une des femmes re\u00e7oit un appel lui annon\u00e7ant qu\u2019il se passe quelque chose vers l\u2019h\u00f4pital et l\u2019\u00c9cole de Police. D\u2019autres appels suivent, il y a un peu de confusion jusqu\u2019\u00e0 ce que, gr\u00e2ce \u00e0 un parent proche, ma coll\u00e8gue Marie N nous livre la v\u00e9rit\u00e9 : deux attentats ont eu lieu simultan\u00e9ment ce matin ; l\u2019un au Commissariat principal, l\u2019autre \u00e0 l\u2019\u00c9cole de Police. On parle de trente-huit morts (peut-\u00eatre plus), surtout \u00e0 l\u2019\u00c9cole de Police o\u00f9 une voiture blind\u00e9e a explos\u00e9 en plus du kamikaze. <\/span><\/span><\/span><\/p>\n<p style=\"text-align: justify;\">\u00a0<!--more--><\/p>\n<p style=\"text-align: justify;\"><span style=\"color: #000000;\"><span style=\"font-family: Arial, sans-serif;\"><span style=\"font-size: small;\">Les femme<i><strong><em><a href=\"\/wp-content\/uploads\/2015\/pdf2015\/CAEF-Servir3-2015-ENCART3-IMEAF.pdf#page=7\" target=\"_blank\"><img loading=\"lazy\" decoding=\"async\" title=\"iconePDF\" src=\"\/wp-content\/uploads\/2011\/01\/iconePDF.jpg\" alt=\"\" width=\"81\" height=\"76\" align=\"right\" hspace=\"8\" vspace=\"8\" \/><\/a><\/em><\/strong><\/i>s sont sous le coup. Nous apprenons que des barrages de contr\u00f4le sont mis en place du c\u00f4t\u00e9 Est de la ville, emp\u00eachant les v\u00e9hicules de sortir et d\u2019entrer. Nos soeurs s\u2019inqui\u00e8tent d\u2019un parent pr\u00e9sent \u00e0 l\u2019\u00e9cole de police, de savoir comment elles vont rentrer chez elles\u2026 D\u00e9j\u00e0 elles veulent partir. Nous les retenons, prions ensemble, terminons calmement la r\u00e9union avant de nous s\u00e9parer. S\u2019agit-il d\u2019un attentat isol\u00e9 seulement ? <\/span><\/span><\/span><\/p>\n<p style=\"text-align: justify;\">\u00a0<\/p>\n<p style=\"text-align: justify;\"><span style=\"color: #000000;\"><span style=\"font-family: Arial, sans-serif;\"><span style=\"font-size: small;\">Depuis ce jour, des contr\u00f4les sont pratiqu\u00e9s \u00e0 certains carrefours de la ville et des militaires et membres du GMIP stationnent devant des \u00e9difices importants (ambassades, etc\u2026). \u00c0 part cela, la circulation est quasiment normale dans la capitale. Au dehors, sur les grands axes routiers, des contr\u00f4les s\u2019intensifient aussi \u00e0 certains endroits mais ils se pratiquaient d\u00e9j\u00e0 avant. <\/span><\/span><\/span><\/p>\n<p style=\"text-align: justify;\">\u00a0<\/p>\n<p style=\"text-align: justify;\"><span style=\"color: #000000;\"><span style=\"font-family: Arial, sans-serif;\"><span style=\"font-size: small;\">Samedi 27 juin, 5h00 du matin : des patrouilles de policiers + GMIP encerclent notre quartier (Sabangali) et fouillent les maisons une par une. Vers 8 heures, les voil\u00e0 dans notre rue. Je suis justement en train d\u2019accueillir dehors les 2 premiers participants du groupe d\u2019\u00e9tude biblique venus pour une retraite ce matin-l\u00e0. Le policier passe la porte d\u2019entr\u00e9e de la maison, demande qui habite l\u00e0 et s\u2019il y a des hommes. Sur ma r\u00e9ponse n\u00e9gative, il n\u2019insiste pas et s\u2019en va. Mais quelques habitants du quartier sont embarqu\u00e9s dans leur v\u00e9hicule. Tout individu qui n\u2019a pas sa carte d\u2019identit\u00e9 sur lui ou si celle-ci est p\u00e9rim\u00e9e, est arr\u00eat\u00e9. <\/span><\/span><\/span><\/p>\n<p style=\"text-align: justify;\">\u00a0<\/p>\n<p style=\"text-align: justify;\"><span style=\"color: #000000;\"><span style=\"font-family: Arial, sans-serif;\"><span style=\"font-size: small;\"><img loading=\"lazy\" decoding=\"async\" class=\"wp-image-9958 alignright\" src=\"\/wp-content\/uploads\/2017\/04\/tchad-2015.jpg\" alt=\"tchad-2015\" width=\"288\" height=\"377\" hspace=\"10\" vspace=\"10\" srcset=\"https:\/\/www.servir.caef.net\/wp-content\/uploads\/2017\/04\/tchad-2015.jpg 321w, https:\/\/www.servir.caef.net\/wp-content\/uploads\/2017\/04\/tchad-2015-229x300.jpg 229w\" sizes=\"auto, (max-width: 288px) 100vw, 288px\" \/>Une nouvelle explosion tr\u00e8s t\u00f4t ce lundi 29 juin \u00e0 5 heures du matin dans un quartier nord de la ville d\u00e9montre la duret\u00e9 de la lutte contre les terroristes : alors que les policiers s\u2019appr\u00eataient \u00e0 perquisitionner une maison signal\u00e9e pour \u00eatre un de leurs repaires, un des malfaiteurs, se voyant d\u00e9masqu\u00e9, s\u2019est fait exploser, tuant 5 policiers et 5 autres membres du mouvement terroriste. Depuis, la chasse s\u2019est intensifi\u00e9e : 2 autres kamikazes ont \u00e9t\u00e9 rep\u00e9r\u00e9s et arr\u00eat\u00e9s \u00e0 Bongor (\u00e0 230 km au sud de N\u2019Djam\u00e9na) et des caches d\u2019armes d\u00e9masqu\u00e9es dans la capitale. Les contr\u00f4les se multiplient surtout sur les march\u00e9s, ce qui am\u00e8ne une certaine tension, s\u2019ajoutant \u00e0 la plus grande sensibilit\u00e9 des musulmans durant cette p\u00e9riode de ramadan. <\/span><\/span><\/span><\/p>\n<p style=\"text-align: justify;\">\u00a0<\/p>\n<p style=\"text-align: justify;\"><span style=\"color: #000000;\"><span style=\"font-family: Arial, sans-serif;\"><span style=\"font-size: small;\">La sensibilisation \u00e0 la s\u00e9curit\u00e9 se g\u00e9n\u00e9ralise dans tout le pays. La zone du Lac Tchad, frontali\u00e8re avec le Nig\u00e9ria, le Niger et le Cameroun, est particuli\u00e8rement vis\u00e9e. Mais pour l\u2019instant, les missionnaires tchadiens de cette zone comme des autres r\u00e9gions, sont \u00e0 leur poste. <\/span><\/span><\/span><\/p>\n<p style=\"text-align: justify;\">\u00a0<\/p>\n<p style=\"text-align: justify;\"><span style=\"color: #000000;\"><span style=\"font-family: Arial, sans-serif;\"><span style=\"font-size: small;\">Les \u00e9glises \u00e9vang\u00e9liques de l\u2019Entente ont \u00e9t\u00e9 appel\u00e9es \u00e0 la pri\u00e8re et \u00e0 la vigilance. Un service de s\u00e9curit\u00e9 est mis en place \u00e0 l\u2019entr\u00e9e de certaines communaut\u00e9s, surtout le dimanche matin. Certaines \u00e9glises catholiques utilisent des d\u00e9tecteurs et fouillent syst\u00e9matiquement les hommes en djellabas. <\/span><\/span><\/span><\/p>\n<p style=\"text-align: justify;\">\u00a0<\/p>\n<p style=\"text-align: justify;\"><span style=\"color: #000000;\"><span style=\"font-family: Arial, sans-serif;\"><span style=\"font-size: small;\">Une certitude : ces \u00e9v\u00e8nements ne se produisent que maintenant ! En effet, la menace \u00e9tait l\u00e0 depuis la fin de 2014. Nous sommes convaincus que c\u2019est Dieu qui a exauc\u00e9 les nombreuses pri\u00e8res qui lui ont \u00e9t\u00e9 adress\u00e9es en prot\u00e9geant la capitale et le pays ces derniers mois et en \u00e9cartant des attentats plus graves. Nombreux \u00e9taient les chr\u00e9tiens et \u00e9glises en pri\u00e8re ce premier trimestre 2015. Peut-\u00eatre que Dieu permet ces \u00e9v\u00e8nements de ces jours-ci pour que nous renouvelions notre vigilance dans la pri\u00e8re et que nous continuions \u00e0 apprendre \u00e0 ne compter que sur lui. Et aussi pour d\u00e9voiler ce dont chacun se doutait, l\u2019infiltration des Boko Haram parmi les tchadiens. Nous prions pour eux aussi. <\/span><\/span><\/span><\/p>\n<p>&nbsp;<\/p>\n<p><span style=\"color: #000000;\"><span style=\"font-family: Arial, sans-serif;\"><span style=\"font-size: small;\"><b>Eveline FELIX<\/b><\/span><\/span><\/span><\/p>\n<p>&nbsp;<\/p>\n","protected":false},"excerpt":{"rendered":"<p>Courrier du Tchad &nbsp; &nbsp; Dieu est pour nous un rempart, il est un refuge, un secours toujours offert lorsque survient la d\u00e9tresse\u2026 (Ps 46.1) \u00a0 Par Evelyne Felix \u00a0 Lundi 15 Juin 2015, 9H30 : Nous sommes en pleine r\u00e9union avec des femmes vivant avec le VIH au si\u00e8ge de notre d\u00e9nomination. Une des [&hellip;]<\/p>\n","protected":false},"author":349,"featured_media":0,"comment_status":"closed","ping_status":"closed","sticky":false,"template":"","format":"standard","meta":{"footnotes":""},"categories":[12,9],"tags":[],"class_list":["post-9956","post","type-post","status-publish","format-standard","hentry","category-eglise-et-mission","category-oeuvres-et-missions"],"_links":{"self":[{"href":"https:\/\/www.servir.caef.net\/index.php?rest_route=\/wp\/v2\/posts\/9956","targetHints":{"allow":["GET"]}}],"collection":[{"href":"https:\/\/www.servir.caef.net\/index.php?rest_route=\/wp\/v2\/posts"}],"about":[{"href":"https:\/\/www.servir.caef.net\/index.php?rest_route=\/wp\/v2\/types\/post"}],"author":[{"embeddable":true,"href":"https:\/\/www.servir.caef.net\/index.php?rest_route=\/wp\/v2\/users\/349"}],"replies":[{"embeddable":true,"href":"https:\/\/www.servir.caef.net\/index.php?rest_route=%2Fwp%2Fv2%2Fcomments&post=9956"}],"version-history":[{"count":0,"href":"https:\/\/www.servir.caef.net\/index.php?rest_route=\/wp\/v2\/posts\/9956\/revisions"}],"wp:attachment":[{"href":"https:\/\/www.servir.caef.net\/index.php?rest_route=%2Fwp%2Fv2%2Fmedia&parent=9956"}],"wp:term":[{"taxonomy":"category","embeddable":true,"href":"https:\/\/www.servir.caef.net\/index.php?rest_route=%2Fwp%2Fv2%2Fcategories&post=9956"},{"taxonomy":"post_tag","embeddable":true,"href":"https:\/\/www.servir.caef.net\/index.php?rest_route=%2Fwp%2Fv2%2Ftags&post=9956"}],"curies":[{"name":"wp","href":"https:\/\/api.w.org\/{rel}","templated":true}]}}