{"id":9965,"date":"2016-04-05T17:07:57","date_gmt":"2016-04-05T17:07:57","guid":{"rendered":"\/?p=9965"},"modified":"2017-04-06T07:11:10","modified_gmt":"2017-04-06T07:11:10","slug":"nouvelles-des-caef-courir-au-nom-de-leglise-persecutee","status":"publish","type":"post","link":"https:\/\/www.servir.caef.net\/?p=9965","title":{"rendered":"Nouvelles des CAEF &#8211; Courir au nom de l\u2019\u00c9glise Pers\u00e9cut\u00e9e"},"content":{"rendered":"<h1 style=\"text-align: center;\">Courir au nom de l\u2019\u00c9glise Pers\u00e9cut\u00e9e<\/h1>\n<p>&nbsp;<\/p>\n<h1 style=\"text-align: center;\"><img loading=\"lazy\" decoding=\"async\" class=\"size-full wp-image-7465 alignleft\" src=\"\/wp-content\/uploads\/2007\/05\/nouvelles-CAEF.jpg\" alt=\"nouvelles-CAEF\" width=\"51\" height=\"624\" hspace=\"10\" vspace=\"10\" \/><\/h1>\n<p>&nbsp;<\/p>\n<p style=\"text-align: justify;\" align=\"LEFT\"><span style=\"font-family: Arial, sans-serif;\"><span style=\"font-size: small;\"><span style=\"color: #000000;\">Notre fr\u00e8re Gilbert Platon, membre de l\u2019\u00c9glise <\/span>de St-Maur (94), court dans le cadre du \u00ab Challenge Portes Ouvertes \u00bb pour collecter des dons au profit des chr\u00e9tiens pers\u00e9cut\u00e9s dans le monde et soutenus par les actions men\u00e9es par Portes Ouvertes. Durant l\u2019ann\u00e9e 2015, il a r\u00e9alis\u00e9 un total de 693,5 km sur 13 courses officielles dont la longueur allait de 10 km \u00e0 177 km sur 3 jours ! <\/span><\/span><\/p>\n<p style=\"text-align: justify;\" align=\"LEFT\">\u00a0<\/p>\n<h3 align=\"LEFT\">T\u00e9moignage de Gilbert<\/h3>\n<p style=\"text-align: justify;\" align=\"LEFT\"><span style=\"font-family: Arial, sans-serif;\"><span style=\"font-size: small;\"><b><a href=\"\/wp-content\/uploads\/2016\/pdf2016\/Servir%202-2016%20Encart.pdf#page=2\"><img loading=\"lazy\" decoding=\"async\" class=\" size-full wp-image-115 alignright\" src=\"\/wp-content\/uploads\/2011\/01\/iconePDF.jpg\" alt=\"iconePDF\" width=\"81\" height=\"76\" \/><\/a><\/b>\u00ab Une ann\u00e9e de courses riche en \u00e9motions. Le stress et l\u2019adr\u00e9naline des d\u00e9buts de course, la beaut\u00e9 des paysages, mer, montagne, aussi la fraternit\u00e9, la solidarit\u00e9, mon t\u00e9moignage, que du bonheur ! Mais aussi la pluie, le froid, les blessures, les douleurs, la fatigue avec un seul mot d\u2019ordre : atteindre le but ! Merci, mon Dieu, de m\u2019avoir port\u00e9 tout au long de cette ann\u00e9e ! \u00bb. <\/span><\/span><\/p>\n<p style=\"text-align: justify;\" align=\"LEFT\">\u00a0<\/p>\n<h3 align=\"LEFT\">Bilan 2015 :<\/h3>\n<p style=\"text-align: justify;\" align=\"LEFT\"><span style=\"font-family: Arial, sans-serif;\"><span style=\"font-size: small;\"><b> <\/b>130 coureurs, 59 000\u00a0\u20ac collect\u00e9s, 25 maisons financ\u00e9es pour des familles chr\u00e9tiennes pers\u00e9cut\u00e9es en Inde qui vivaient dans des huttes. <\/span><\/span><\/p>\n<p style=\"text-align: justify;\" align=\"LEFT\"><span style=\"font-family: Arial, sans-serif;\"><span style=\"font-size: small;\">Gilbert nous \u00e9crit : \u00ab La mobilisation est forte ! Mais la pers\u00e9cution est aussi tr\u00e8s forte. Plus que jamais, mon engagement pour l\u2019\u00c9glise pers\u00e9cut\u00e9e continue. \u00bb. <\/span><\/span><\/p>\n<p style=\"text-align: justify;\" align=\"LEFT\"><img loading=\"lazy\" decoding=\"async\" class=\"wp-image-9966 aligncenter\" src=\"\/wp-content\/uploads\/2017\/04\/portes-ouvertes-1.jpg\" alt=\"portes-ouvertes-1\" width=\"437\" height=\"291\" hspace=\"10\" vspace=\"10\" srcset=\"https:\/\/www.servir.caef.net\/wp-content\/uploads\/2017\/04\/portes-ouvertes-1.jpg 750w, https:\/\/www.servir.caef.net\/wp-content\/uploads\/2017\/04\/portes-ouvertes-1-300x200.jpg 300w\" sizes=\"auto, (max-width: 437px) 100vw, 437px\" \/><\/p>\n<p style=\"text-align: center;\" align=\"LEFT\"><em><span style=\"font-family: Arial; font-size: small;\">Maison type en Inde<\/span><\/em><\/p>\n<p style=\"text-align: justify;\" align=\"LEFT\">\u00a0<!--more--><\/p>\n<p style=\"text-align: justify;\" align=\"LEFT\"><span style=\"font-family: Arial, sans-serif;\"><span style=\"font-size: small;\"><b>2016 \u2013 Un nouvel objectif <\/b><\/span><\/span><\/p>\n<p style=\"text-align: justify;\" align=\"LEFT\"><span style=\"font-family: Arial, sans-serif;\"><span style=\"font-size: small;\">Cette ann\u00e9e le projet se d\u00e9roule au Pakistan, 6e pays de l\u2019Index mondial de pers\u00e9cution, o\u00f9 la moiti\u00e9 des chr\u00e9tiens sont analphab\u00e8tes. <\/span><\/span><\/p>\n<p style=\"text-align: justify;\" align=\"LEFT\"><span style=\"font-family: Arial, sans-serif;\"><span style=\"font-size: small;\">\u00c0 cause de cela, ils ne peuvent pas faire pleinement partie de la soci\u00e9t\u00e9. S\u2019ils ont un travail, ils sont exploit\u00e9s, trait\u00e9s abusivement et mal pay\u00e9s ! <\/span><\/span><\/p>\n<p style=\"text-align: justify;\" align=\"LEFT\"><span style=\"font-family: Arial, sans-serif;\"><span style=\"font-size: small;\">Avec le programme d\u2019alphab\u00e9tisation d\u00e9velopp\u00e9 par Portes Ouvertes, ils pourront aller \u00e0 l\u2019\u00e9cole, m\u00eame faire des \u00e9tudes sup\u00e9rieures, suivre une formation professionnelle, mais aussi lire la Bible, conna\u00eetre leurs droits pour mieux se d\u00e9fendre contre les abus, s\u2019adapter \u00e0 l\u2019\u00e9volution de leur pays pour faire pleinement partie de la soci\u00e9t\u00e9. <\/span><\/span><\/p>\n<p style=\"text-align: justify;\" align=\"LEFT\"><span style=\"font-family: Arial, sans-serif;\"><span style=\"font-size: small;\">Le but en 2016 est d\u2019aider 670 chr\u00e9tiens pakistanais \u00e0 apprendre \u00e0 lire et \u00e9crire ! <\/span><\/span><\/p>\n<p style=\"text-align: justify;\" align=\"LEFT\"><img loading=\"lazy\" decoding=\"async\" class=\"wp-image-9967 aligncenter\" src=\"\/wp-content\/uploads\/2017\/04\/portes-ouvertes-2.jpg\" alt=\"portes-ouvertes-2\" width=\"443\" height=\"196\" hspace=\"10\" vspace=\"10\" srcset=\"https:\/\/www.servir.caef.net\/wp-content\/uploads\/2017\/04\/portes-ouvertes-2.jpg 970w, https:\/\/www.servir.caef.net\/wp-content\/uploads\/2017\/04\/portes-ouvertes-2-300x133.jpg 300w, https:\/\/www.servir.caef.net\/wp-content\/uploads\/2017\/04\/portes-ouvertes-2-768x340.jpg 768w\" sizes=\"auto, (max-width: 443px) 100vw, 443px\" \/><\/p>\n<p style=\"text-align: center;\" align=\"LEFT\"><span style=\"font-family: Arial, sans-serif;\"><span style=\"font-size: small;\"><i>Cours de lecture au Pakistan<\/i><\/span><\/span><\/p>\n<p style=\"text-align: justify;\" align=\"LEFT\">\u00a0<\/p>\n<p style=\"text-align: justify;\" align=\"LEFT\"><span style=\"font-family: Arial, sans-serif;\"><span style=\"font-size: small;\">Joignez-vous \u00e0 cette aventure, que ce soit par des dons financiers, la pri\u00e8re, des mails d\u2019encouragements, et m\u00eame un soutien en direct par SMS pendant la course surtout quand elle est longue ! <\/span><\/span><\/p>\n<p style=\"text-align: justify;\" align=\"LEFT\">\u00a0<img loading=\"lazy\" decoding=\"async\" class=\"wp-image-9968 aligncenter\" src=\"\/wp-content\/uploads\/2017\/04\/portes-ouvertes-3.jpg\" alt=\"portes ouvertes 3\" width=\"474\" height=\"266\" hspace=\"10\" vspace=\"10\" srcset=\"https:\/\/www.servir.caef.net\/wp-content\/uploads\/2017\/04\/portes-ouvertes-3.jpg 700w, https:\/\/www.servir.caef.net\/wp-content\/uploads\/2017\/04\/portes-ouvertes-3-300x168.jpg 300w\" sizes=\"auto, (max-width: 474px) 100vw, 474px\" \/><\/p>\n<p style=\"text-align: center;\" align=\"LEFT\"><span style=\"font-family: Arial, sans-serif;\"><span style=\"font-size: small;\"><i>Trio de coureurs aux courses de Strasbourg <\/i><\/span><\/span><\/p>\n<p style=\"text-align: justify;\" align=\"LEFT\">\u00a0<\/p>\n<p style=\"text-align: justify;\" align=\"LEFT\">Cette information est obsol\u00e8te : <span style=\"font-family: Arial, sans-serif;\"><span style=\"font-size: small;\"><i>Pour plus d\u2019informations, vous pouvez visiter la page de collecte de Gilbert \u00e0 cette adresse : http:\/\/www.alvarum.com\/gilbertplaton4. <\/i><\/span><\/span><\/p>\n<p style=\"text-align: justify;\" align=\"LEFT\"><span style=\"font-family: Arial, sans-serif;\"><span style=\"font-size: small;\"><i>Les dons sont revers\u00e9s par Alvarum. C\u2019est tr\u00e8s facile et 100 % s\u00e9curis\u00e9. Merci pour votre soutien !<\/i><\/span><\/span><\/p>\n","protected":false},"excerpt":{"rendered":"<p>Courir au nom de l\u2019\u00c9glise Pers\u00e9cut\u00e9e &nbsp; &nbsp; Notre fr\u00e8re Gilbert Platon, membre de l\u2019\u00c9glise de St-Maur (94), court dans le cadre du \u00ab Challenge Portes Ouvertes \u00bb pour collecter des dons au profit des chr\u00e9tiens pers\u00e9cut\u00e9s dans le monde et soutenus par les actions men\u00e9es par Portes Ouvertes. Durant l\u2019ann\u00e9e 2015, il a r\u00e9alis\u00e9 [&hellip;]<\/p>\n","protected":false},"author":27,"featured_media":0,"comment_status":"closed","ping_status":"closed","sticky":false,"template":"","format":"standard","meta":{"footnotes":""},"categories":[3,9],"tags":[],"class_list":["post-9965","post","type-post","status-publish","format-standard","hentry","category-caef","category-oeuvres-et-missions"],"_links":{"self":[{"href":"https:\/\/www.servir.caef.net\/index.php?rest_route=\/wp\/v2\/posts\/9965","targetHints":{"allow":["GET"]}}],"collection":[{"href":"https:\/\/www.servir.caef.net\/index.php?rest_route=\/wp\/v2\/posts"}],"about":[{"href":"https:\/\/www.servir.caef.net\/index.php?rest_route=\/wp\/v2\/types\/post"}],"author":[{"embeddable":true,"href":"https:\/\/www.servir.caef.net\/index.php?rest_route=\/wp\/v2\/users\/27"}],"replies":[{"embeddable":true,"href":"https:\/\/www.servir.caef.net\/index.php?rest_route=%2Fwp%2Fv2%2Fcomments&post=9965"}],"version-history":[{"count":0,"href":"https:\/\/www.servir.caef.net\/index.php?rest_route=\/wp\/v2\/posts\/9965\/revisions"}],"wp:attachment":[{"href":"https:\/\/www.servir.caef.net\/index.php?rest_route=%2Fwp%2Fv2%2Fmedia&parent=9965"}],"wp:term":[{"taxonomy":"category","embeddable":true,"href":"https:\/\/www.servir.caef.net\/index.php?rest_route=%2Fwp%2Fv2%2Fcategories&post=9965"},{"taxonomy":"post_tag","embeddable":true,"href":"https:\/\/www.servir.caef.net\/index.php?rest_route=%2Fwp%2Fv2%2Ftags&post=9965"}],"curies":[{"name":"wp","href":"https:\/\/api.w.org\/{rel}","templated":true}]}}