{"id":9975,"date":"2016-04-18T08:23:57","date_gmt":"2016-04-18T08:23:57","guid":{"rendered":"\/?p=9975"},"modified":"2017-04-18T08:55:17","modified_gmt":"2017-04-18T08:55:17","slug":"asmaf-rapport-des-sentinelles-au-tchad","status":"publish","type":"post","link":"https:\/\/www.servir.caef.net\/?p=9975","title":{"rendered":"ASMAF \u2013 Rapport des \u00abSentinelles\u00bb au Tchad"},"content":{"rendered":"<h1 align=\"JUSTIFY\"><span style=\"font-family: Arial, sans-serif;\"><span style=\"font-size: small;\"><span style=\"color: #4d4d4d;\"><img loading=\"lazy\" decoding=\"async\" class=\"alignnone  wp-image-9868\" src=\"\/wp-content\/uploads\/2017\/03\/asmaf-2.jpg\" alt=\"asmaf-2\" width=\"293\" height=\"124\" hspace=\"10\" vspace=\"10\" srcset=\"https:\/\/www.servir.caef.net\/wp-content\/uploads\/2017\/03\/asmaf-2.jpg 451w, https:\/\/www.servir.caef.net\/wp-content\/uploads\/2017\/03\/asmaf-2-300x127.jpg 300w\" sizes=\"auto, (max-width: 293px) 100vw, 293px\" \/><\/span><\/span><\/span><\/h1>\n<h1 style=\"text-align: center;\" align=\"JUSTIFY\">Rapport des \u00abSentinelles\u00bb au Tchad<\/h1>\n<p align=\"JUSTIFY\">\u00a0<\/p>\n<p align=\"JUSTIFY\"><span style=\"color: #800000;\"><strong>\u00a0Par \u00c9veline F\u00e9lix<\/strong><\/span><\/p>\n<p align=\"JUSTIFY\">\u00a0<\/p>\n<p style=\"text-align: justify;\" align=\"LEFT\"><span style=\"font-family: Arial, sans-serif;\"><span style=\"font-size: small;\"><span style=\"color: #000000;\"><img loading=\"lazy\" decoding=\"async\" class=\"wp-image-9977 alignleft\" src=\"\/wp-content\/uploads\/2016\/04\/tchad-2-2016.jpg\" alt=\"tchad-2-2016\" width=\"263\" height=\"194\" hspace=\"10\" vspace=\"10\" srcset=\"https:\/\/www.servir.caef.net\/wp-content\/uploads\/2016\/04\/tchad-2-2016.jpg 759w, https:\/\/www.servir.caef.net\/wp-content\/uploads\/2016\/04\/tchad-2-2016-300x222.jpg 300w\" sizes=\"auto, (max-width: 263px) 100vw, 263px\" \/>Parmi les diff\u00e9rents b\u00e9n\u00e9ficiaires des activit\u00e9s des Sentinelles, le groupe des \u00ab Amis des Sentinelles \u00bb rassemble des personnes vivant avec le VIH (virus du SIDA) et venant de diff\u00e9rents horizons. Ce groupe a connu un essor tout particulier en 2015, spirituellement et mat\u00e9riellement. <\/span><\/span><\/span><\/p>\n<p style=\"text-align: justify;\" align=\"LEFT\">\u00a0<\/p>\n<p style=\"text-align: justify;\" align=\"LEFT\"><span style=\"font-family: Arial, sans-serif;\"><span style=\"font-size: small;\"><span style=\"color: #000000;\">Ces personnes vivant avec le VIH sont toutes des femmes. Chacune tente d\u2019assurer sa survie et celle de sa famille en faisant des petits commerces (vente de g\u00e2teaux, de poissons, petite caf\u00e9t\u00e9ria\u2026). La majorit\u00e9 d\u2019entre elles sont catholiques et plusieurs vivaient auparavant de la vente de \u00ab bili-bili \u00bb, une boisson alcoolis\u00e9e locale fabriqu\u00e9e \u00e0 partir de mil ferment\u00e9<strong><sub>1<\/sub><\/strong>. <\/span><\/span><\/span><\/p>\n<p style=\"text-align: justify;\" align=\"LEFT\">\u00a0<!--more--><\/p>\n<p style=\"text-align: justify;\" align=\"LEFT\"><span style=\"font-family: Arial, sans-serif;\"><span style=\"font-size: small;\"><span style=\"color: #000000;\"><b><a href=\"\/wp-content\/uploads\/2016\/pdf2016\/Servir%202-2016%20Encart.pdf#page=4\"><img loading=\"lazy\" decoding=\"async\" class=\" size-full wp-image-115 alignright\" src=\"\/wp-content\/uploads\/2011\/01\/iconePDF.jpg\" alt=\"iconePDF\" width=\"81\" height=\"76\" \/><\/a><\/b>Dans l\u2019\u00e9quipe, c\u2019est ma coll\u00e8gue Marie Naob\u00e9 qui est responsable de ce groupe et du suivi de ces personnes malades. Marie suit aussi depuis plusieurs ann\u00e9es les formations \u00e0 l\u2019\u00e9vang\u00e9lisation de \u00ab Campus pour Christ \u00bb (CPC). Depuis la fin de l\u2019ann\u00e9e 2014, elle a pris la r\u00e9solution d\u2019appliquer certaines des m\u00e9thodes d\u2019\u00e9vang\u00e9lisation de CPC, qui visent le public analphab\u00e8te, au groupe des \u00ab Amis des Sentinelles \u00bb. <\/span><\/span><\/span><\/p>\n<p style=\"text-align: justify;\" align=\"LEFT\">\u00a0<\/p>\n<p style=\"text-align: justify;\" align=\"LEFT\"><span style=\"font-family: Arial, sans-serif;\"><span style=\"font-size: small;\"><span style=\"color: #000000;\">Ces m\u00e9thodes utilisent de br\u00e8ves s\u00e9quences de films ainsi que des brochures en images comme plateforme de discussion et d\u2019annonce de la Bonne Nouvelle. Le film \u00ab Magdalena \u00bb a permis \u00e0 plusieurs participantes de s\u2019identifier aux femmes rejet\u00e9es ou marginalis\u00e9es des \u00c9vangiles, que J\u00e9sus a rencontr\u00e9es, gu\u00e9ries, sauv\u00e9es, restaur\u00e9es. \u00ab Nos \u00bb femmes ont ces m\u00eames besoins. Ces projections, commenc\u00e9es d\u00e8s d\u00e9cembre 2014, se sont prolong\u00e9es jusqu\u2019\u00e0 la fin du 1er trimestre 2015. <\/span><\/span><\/span><\/p>\n<p style=\"text-align: justify;\" align=\"LEFT\">\u00a0<\/p>\n<p style=\"text-align: justify;\" align=\"LEFT\"><span style=\"font-family: Arial, sans-serif;\"><span style=\"font-size: small;\"><span style=\"color: #000000;\">Peu \u00e0 peu, certaines participantes ont commenc\u00e9 \u00e0 mieux saisir l\u2019amour de Dieu pour elles et \u00e0 apprendre \u00e0 appliquer l\u2019\u00c9vangile dans leur vie quotidienne. Elles ont appris aussi \u00e0 le partager \u00e0 leur entourage. Petit \u00e0 petit, elles ont mieux compris l\u2019importance de la pri\u00e8re et de la Parole de Dieu. Alors que le groupe comportait une quinzaine de membres en d\u00e9cembre 2014, il en compte maintenant soixante, la moyenne des pr\u00e9sentes \u00e9tant d\u2019une quarantaine fin 2015. La plupart de ces femmes ont accept\u00e9 le Seigneur lors d\u2019appels lanc\u00e9s pendant les r\u00e9unions ; cela ne veut pas dire que toutes sont r\u00e9ellement converties. Dieu seul conna\u00eet leurs coeurs. <\/span><\/span><\/span><\/p>\n<p style=\"text-align: justify;\" align=\"LEFT\">\u00a0<\/p>\n<p style=\"text-align: justify;\" align=\"LEFT\"><span style=\"font-family: Arial, sans-serif;\"><span style=\"font-size: small;\"><span style=\"color: #000000;\">Certaines ont chang\u00e9, comme Lucie, qui \u00e9tait tr\u00e8s d\u00e9courag\u00e9e par la stigmatisation de son entourage \u00e0 son \u00e9gard ; elle voulait se suicider, mais a retrouv\u00e9 espoir en Dieu. Elle a pu surmonter la honte d\u2019\u00eatre m\u00e9pris\u00e9e et rejet\u00e9e (avoir ou faire honte est tr\u00e8s grave dans la culture), et accepter son \u00e9tat. Malgr\u00e9 le d\u00e9part<\/span> <span style=\"color: #000000;\">brusque de son mari, l\u2019abandonnant avec leurs trois enfants, elle s\u2019est confi\u00e9e en Dieu son protecteur et son d\u00e9fenseur. En r\u00e9ponse \u00e0 cette foi, Dieu l\u2019a soutenue et a donn\u00e9 la sant\u00e9 \u00e0 son dernier enfant (alors que l\u2019avant-dernier \u00e9tait mort). Elle est maintenant beaucoup plus \u00e9panouie. D\u2019autres femmes t\u00e9moignent que ces enseignements les fortifient. De nouvelles personnes continuent \u00e0 rejoindre le groupe, avec, le plus souvent, des situations personnelles et familiales difficiles. <\/span><\/span><\/span><\/p>\n<p style=\"text-align: justify;\" align=\"LEFT\">\u00a0<\/p>\n<p style=\"text-align: justify;\" align=\"LEFT\"><span style=\"font-family: Arial, sans-serif;\"><span style=\"font-size: small;\"><span style=\"color: #000000;\">Ces femmes se d\u00e9brouillent chaque jour en vendant des denr\u00e9es au march\u00e9 ou \u00e0 domicile. Elles ont donc sollicit\u00e9 l\u2019aide des Sentinelles pour parvenir \u00e0 mieux r\u00e9pondre aux besoins de leur famille. Nous avions \u00e9labor\u00e9 en 2013 un projet d\u2019appui aux AGR<strong><sub>2<\/sub><\/strong> sur une ann\u00e9e, mais n\u2019avions re\u00e7u aucune suite de la part des organisations auxquelles nous l\u2019avions soumis. <\/span><\/span><\/span><\/p>\n<p style=\"text-align: justify;\" align=\"LEFT\">\u00a0<img loading=\"lazy\" decoding=\"async\" class=\" wp-image-9978 aligncenter\" src=\"\/wp-content\/uploads\/2016\/04\/tchad-2-2016-2.jpg\" alt=\"tchad-2-2016-2\" width=\"521\" height=\"234\" hspace=\"10\" vspace=\"10\" srcset=\"https:\/\/www.servir.caef.net\/wp-content\/uploads\/2016\/04\/tchad-2-2016-2.jpg 1603w, https:\/\/www.servir.caef.net\/wp-content\/uploads\/2016\/04\/tchad-2-2016-2-300x135.jpg 300w, https:\/\/www.servir.caef.net\/wp-content\/uploads\/2016\/04\/tchad-2-2016-2-768x344.jpg 768w, https:\/\/www.servir.caef.net\/wp-content\/uploads\/2016\/04\/tchad-2-2016-2-1024x459.jpg 1024w\" sizes=\"auto, (max-width: 521px) 100vw, 521px\" \/><\/p>\n<p style=\"text-align: justify;\" align=\"LEFT\"><span style=\"font-family: Arial, sans-serif;\"><span style=\"font-size: small;\"><span style=\"color: #000000;\">Nous avons alors d\u00e9cid\u00e9 d\u2019agir avec nos moyens, si faibles soient-ils. Une ancienne animatrice du Centre de Culture \u00c9vang\u00e9lique, coordinatrice pour la gestion de microcr\u00e9dits, nous a appuy\u00e9s par ses conseils et a donn\u00e9 \u00e0 ces femmes des instructions utiles pour g\u00e9rer les pr\u00eats pour les AGR. C\u2019est ainsi qu\u2019en f\u00e9vrier 2015, la modeste somme de 25 000 CFA (38 \u20ac<\/span><span style=\"color: #000000;\">) a \u00e9t\u00e9 remise \u00e0 chacune des 14 femmes r\u00e9guli\u00e8rement pr\u00e9sentes aux r\u00e9unions. Celles-ci ont fait fructifier leur commerce, et ont rembours\u00e9 fid\u00e8lement cet argent durant les cinq mois suivants (avril \u00e0 ao\u00fbt 2015), \u00e0 raison de 5 000 CFA\/mois. Ce premier pas a \u00e9t\u00e9 encourageant, plusieurs femmes ont m\u00eame pris de l\u2019embonpoint ! Cela nous a pouss\u00e9s \u00e0 octroyer en octobre 2015 un nouveau pr\u00eat de 25 000 CFA, mais cette fois-ci \u00e0 31 femmes qui ont commenc\u00e9 \u00e0 le rembourser \u00e0 partir de janvier 2016. <\/span><\/span><\/span><\/p>\n<p style=\"text-align: justify;\" align=\"LEFT\">\u00a0<\/p>\n<p style=\"text-align: justify;\" align=\"LEFT\"><span style=\"font-family: Arial, sans-serif;\"><span style=\"font-size: small;\"><span style=\"color: #000000;\">Parall\u00e8lement \u00e0 cela, les Sentinelles ont encourag\u00e9 les femmes \u00e0 venir r\u00e9guli\u00e8rement aux r\u00e9unions bimensuelles des Amis des Sentinelles en participant \u00e0 leurs frais de transport. <\/span><\/span><\/span><\/p>\n<p style=\"text-align: justify;\" align=\"LEFT\">\u00a0<\/p>\n<p><center><\/p>\n<table>\n<tbody>\n<tr>\n<td><img loading=\"lazy\" decoding=\"async\" class=\"alignnone  wp-image-9979\" src=\"\/wp-content\/uploads\/2016\/04\/tchad-2-2016-3.jpg\" alt=\"tchad-2-2016-3\" width=\"302\" height=\"126\" srcset=\"https:\/\/www.servir.caef.net\/wp-content\/uploads\/2016\/04\/tchad-2-2016-3.jpg 759w, https:\/\/www.servir.caef.net\/wp-content\/uploads\/2016\/04\/tchad-2-2016-3-300x125.jpg 300w\" sizes=\"auto, (max-width: 302px) 100vw, 302px\" \/>\u00a0<\/td>\n<td><img loading=\"lazy\" decoding=\"async\" class=\"alignnone  wp-image-9980\" src=\"\/wp-content\/uploads\/2016\/04\/tchad-2-2016-4.jpg\" alt=\"tchad-2-2016-4\" width=\"304\" height=\"127\" srcset=\"https:\/\/www.servir.caef.net\/wp-content\/uploads\/2016\/04\/tchad-2-2016-4.jpg 755w, https:\/\/www.servir.caef.net\/wp-content\/uploads\/2016\/04\/tchad-2-2016-4-300x126.jpg 300w\" sizes=\"auto, (max-width: 304px) 100vw, 304px\" \/>\u00a0<\/td>\n<\/tr>\n<\/tbody>\n<\/table>\n<p><\/center><\/p>\n<p style=\"text-align: justify;\" align=\"LEFT\"><span style=\"font-family: Arial, sans-serif;\"><span style=\"font-size: small;\"><span style=\"color: #000000;\">Au fil des mois, le nombre des participantes a grandi\u2026 si bien que la salle de r\u00e9union du si\u00e8ge de notre d\u00e9nomination<strong><sub>3<\/sub><\/strong>, aimablement mise \u00e0 notre disposition par les responsables, est devenue trop <\/span><span style=\"color: #000000;\">petite : nous avons alors actualis\u00e9 notre ancien projet de construire un hangar de stockage sur le terrain du si\u00e8ge en 2016. Or ce terrain avait d\u00e9j\u00e0 \u00e9t\u00e9 sollicit\u00e9 pour d\u2019autres projets de construction. De plus, le loyer du bureau que nous occupons au si\u00e8ge a \u00e9t\u00e9 doubl\u00e9 depuis janvier 2016, en application d\u2019une d\u00e9cision prise \u00e0 la derni\u00e8re Assembl\u00e9e g\u00e9n\u00e9rale<strong><sub>4<\/sub><\/strong> de nos \u00c9glises. Nos responsables nous ont alors orient\u00e9s vers une autre possibilit\u00e9 : nous d\u00e9placer sur un terrain de l\u2019\u00c9glise, d\u2019une superficie de 3600 m2 et situ\u00e9 \u00e0 l\u2019est de la ville. Ce terrain est rest\u00e9 quasiment vide. Seul un petit dispensaire vient d\u2019y \u00eatre construit, qui n\u2019est pas encore op\u00e9rationnel, ainsi qu\u2019un forage. Le terrain n\u2019est pas encore cl\u00f4tur\u00e9. <\/span><\/span><\/span><\/p>\n<p style=\"text-align: justify;\" align=\"LEFT\">\u00a0<\/p>\n<p style=\"text-align: justify;\" align=\"LEFT\"><span style=\"font-family: Arial, sans-serif;\"><span style=\"font-size: small;\"><span style=\"color: #000000;\">Voil\u00e0 les Sentinelles devant un nouveau et grand pas de foi ! Construire n\u2019\u00e9tait pas en effet dans notre planification de 2016 ! Mais si c\u2019est le Seigneur qui nous y conduit \u2013 ce que nous croyons \u2013, il pourra aussi nous en assurer la r\u00e9alisation. <\/span><\/span><\/span><\/p>\n<p style=\"text-align: justify;\" align=\"LEFT\">\u00a0<\/p>\n<p style=\"text-align: justify;\" align=\"LEFT\"><span style=\"font-family: Arial, sans-serif;\"><span style=\"font-size: small;\"><span style=\"color: #000000;\">Ce nouveau projet concerne donc la construction, non plus seulement d\u2019un hangar pour les Amis des Sentinelles, mais d\u2019un Centre en dur comprenant un bureau, un magasin et une salle de r\u00e9union, plus le hangar ! Un plan a \u00e9t\u00e9 r\u00e9alis\u00e9, un devis estim\u00e9, qui repr\u00e9sente un grand d\u00e9fi financier pour les Sentinelles, bien au-del\u00e0 de leurs moyens ! En effet, le montant estim\u00e9 atteint 13 000\u00a0\u20ac<\/span> <span style=\"color: #000000;\">pour le b\u00e2timent en dur et 2 500\u00a0\u20ac<\/span> <span style=\"color: #000000;\">pour le hangar, soit un total estim\u00e9 de 15 500\u00a0<\/span><span style=\"color: #000000;\">\u20ac <\/span><span style=\"color: #000000;\">de f\u00e9vrier 2015. <\/span><\/span><\/span><\/p>\n<p style=\"text-align: justify;\" align=\"LEFT\">\u00a0<\/p>\n<p style=\"text-align: justify;\" align=\"LEFT\"><span style=\"font-family: Arial, sans-serif;\"><span style=\"font-size: small;\"><span style=\"color: #000000;\">Nous n\u2019avons pas re\u00e7u de d\u00e9lai de la part de l\u2019administration de notre \u00c9glise pour quitter notre bureau actuel. Nous esp\u00e9rons pouvoir rester au si\u00e8ge des ACT le temps qu\u2019il faudra pour la construction, m\u00eame si nous ne pouvons pas assurer en ce moment le paiement de notre loyer revu \u00e0 la hausse. Le paiement de cette location a \u00e9t\u00e9 possible jusqu\u2019\u00e0 fin 2015 gr\u00e2ce \u00e0 la g\u00e9n\u00e9rosit\u00e9 de deux familles chr\u00e9tiennes. Pouvons-nous leur demander plus d\u2019efforts alors qu\u2019ils en ont d\u00e9j\u00e0 fourni pendant des ann\u00e9es. <\/span><\/span><\/span><\/p>\n<p style=\"text-align: justify;\" align=\"LEFT\">\u00a0<\/p>\n<table>\n<tbody>\n<tr>\n<td style=\"text-align: justify;\">\n<p style=\"text-align: center;\">\u00a0<span style=\"font-family: Arial, sans-serif;\"><span style=\"font-size: small;\"><span style=\"color: #000000;\">Voil\u00e0 donc de quoi alimenter vos pri\u00e8res pour les Sentinelles ! <\/span><\/span><\/span><\/p>\n<p>&nbsp;<\/p>\n<ul>\n<li><span style=\"font-family: Arial, sans-serif;\"><span style=\"font-size: small;\"><span style=\"color: #000000;\">Interc\u00e9dez pour la conversion r\u00e9elle et la transformation des femmes du groupe des Amis des Sentinelles. <\/span><\/span><\/span><\/li>\n<\/ul>\n<p>&nbsp;<\/p>\n<ul>\n<li><span style=\"font-family: Arial, sans-serif;\"><span style=\"font-size: small;\"><span style=\"color: #000000;\">Remerciez Dieu pour le nouveau d\u00e9fi auquel il nous confronte et placez devant lui le nouveau projet de construction avec ses besoins financiers. <\/span><\/span><\/span><\/li>\n<\/ul>\n<p>&nbsp;<\/p>\n<ul>\n<li><span style=\"font-family: Arial, sans-serif;\"><span style=\"font-size: small;\"><span style=\"color: #000000;\">Remerciez Dieu pour ceux qu\u2019il a utilis\u00e9s pour permettre aux Sentinelles d\u2019avoir un bureau au si\u00e8ge de notre d\u00e9nomination. <\/span><\/span><\/span><\/li>\n<\/ul>\n<p>&nbsp;<\/p>\n<ul>\n<li><span style=\"font-family: Arial, sans-serif;\"><span style=\"font-size: small;\"><span style=\"color: #000000;\">Priez qu\u2019il suscite les fonds n\u00e9cessaires pour assurer la hausse de 100 % de notre loyer. <\/span><\/span><\/span><\/li>\n<\/ul>\n<p>&nbsp;<\/p>\n<ul>\n<li><span style=\"font-family: Arial, sans-serif;\"><span style=\"font-size: small;\"><span style=\"color: #000000;\">Remettez aussi l\u2019\u00e9quipe des Sentinelles au Seigneur.<\/span><\/span><\/span><\/li>\n<\/ul>\n<\/td>\n<\/tr>\n<\/tbody>\n<\/table>\n<p style=\"text-align: justify;\" align=\"LEFT\"><span style=\"font-family: Arial, sans-serif;\"><span style=\"font-size: small;\"><span style=\"color: #000000;\">\u00a0<\/span><\/span><\/span><\/p>\n<p style=\"text-align: justify;\" align=\"LEFT\">\u00a0<\/p>\n<hr \/>\n<p style=\"text-align: justify;\" align=\"LEFT\">NOTES<\/p>\n<p style=\"text-align: justify;\" align=\"LEFT\">\u00a0<\/p>\n<p style=\"text-align: justify;\" align=\"LEFT\"><span style=\"font-family: Arial; font-size: small;\"><strong>1.<\/strong> Au Tchad, la consommation d\u2019alcool est permise par l\u2019\u00c9glise catholique, alors qu\u2019elle est interdite et encore consid\u00e9r\u00e9e comme un p\u00e9ch\u00e9 dans les \u00c9glises \u00e9vang\u00e9liques.<\/span><\/p>\n<p style=\"text-align: justify;\" align=\"LEFT\">\u00a0<\/p>\n<p style=\"text-align: justify;\" align=\"LEFT\"><span style=\"font-family: Arial; font-size: small;\"><strong>2.<\/strong> AGR : Activit\u00e9s G\u00e9n\u00e9ratrices de Revenus <\/span><\/p>\n<p style=\"text-align: justify;\" align=\"LEFT\">\u00a0<\/p>\n<p style=\"text-align: justify;\" align=\"LEFT\"><span style=\"font-family: Arial; font-size: small;\"><strong>3.<\/strong> Notre d\u00e9nomination se nomme : Assembl\u00e9es Chr\u00e9tiennes au Tchad (ACT)<\/span><\/p>\n<p style=\"text-align: justify;\" align=\"LEFT\">\u00a0<\/p>\n<p style=\"text-align: justify;\" align=\"LEFT\"><span style=\"font-family: Arial; font-size: small;\"><strong>4.<\/strong> Il s\u2019agit de l\u2019Assembl\u00e9e g\u00e9n\u00e9rale nationale des ACT <\/span><\/p>\n<p align=\"JUSTIFY\">\u00a0<\/p>\n","protected":false},"excerpt":{"rendered":"<p>Rapport des \u00abSentinelles\u00bb au Tchad \u00a0 \u00a0Par \u00c9veline F\u00e9lix \u00a0 Parmi les diff\u00e9rents b\u00e9n\u00e9ficiaires des activit\u00e9s des Sentinelles, le groupe des \u00ab Amis des Sentinelles \u00bb rassemble des personnes vivant avec le VIH (virus du SIDA) et venant de diff\u00e9rents horizons. Ce groupe a connu un essor tout particulier en 2015, spirituellement et mat\u00e9riellement. \u00a0 [&hellip;]<\/p>\n","protected":false},"author":27,"featured_media":0,"comment_status":"closed","ping_status":"closed","sticky":false,"template":"","format":"standard","meta":{"footnotes":""},"categories":[3,12,9],"tags":[],"class_list":["post-9975","post","type-post","status-publish","format-standard","hentry","category-caef","category-eglise-et-mission","category-oeuvres-et-missions"],"_links":{"self":[{"href":"https:\/\/www.servir.caef.net\/index.php?rest_route=\/wp\/v2\/posts\/9975","targetHints":{"allow":["GET"]}}],"collection":[{"href":"https:\/\/www.servir.caef.net\/index.php?rest_route=\/wp\/v2\/posts"}],"about":[{"href":"https:\/\/www.servir.caef.net\/index.php?rest_route=\/wp\/v2\/types\/post"}],"author":[{"embeddable":true,"href":"https:\/\/www.servir.caef.net\/index.php?rest_route=\/wp\/v2\/users\/27"}],"replies":[{"embeddable":true,"href":"https:\/\/www.servir.caef.net\/index.php?rest_route=%2Fwp%2Fv2%2Fcomments&post=9975"}],"version-history":[{"count":0,"href":"https:\/\/www.servir.caef.net\/index.php?rest_route=\/wp\/v2\/posts\/9975\/revisions"}],"wp:attachment":[{"href":"https:\/\/www.servir.caef.net\/index.php?rest_route=%2Fwp%2Fv2%2Fmedia&parent=9975"}],"wp:term":[{"taxonomy":"category","embeddable":true,"href":"https:\/\/www.servir.caef.net\/index.php?rest_route=%2Fwp%2Fv2%2Fcategories&post=9975"},{"taxonomy":"post_tag","embeddable":true,"href":"https:\/\/www.servir.caef.net\/index.php?rest_route=%2Fwp%2Fv2%2Ftags&post=9975"}],"curies":[{"name":"wp","href":"https:\/\/api.w.org\/{rel}","templated":true}]}}