{"id":9986,"date":"2015-10-18T10:01:31","date_gmt":"2015-10-18T10:01:31","guid":{"rendered":"\/?p=9986"},"modified":"2017-04-18T10:19:41","modified_gmt":"2017-04-18T10:19:41","slug":"nouvelles-des-caef-substanciel","status":"publish","type":"post","link":"https:\/\/www.servir.caef.net\/?p=9986","title":{"rendered":"Nouvelles des CAEF &#8211; SUBSTAN\u2019CIEL"},"content":{"rendered":"<h1 style=\"text-align: center;\"><img loading=\"lazy\" decoding=\"async\" class=\"size-full wp-image-7465 alignleft\" src=\"\/wp-content\/uploads\/2007\/05\/nouvelles-CAEF.jpg\" alt=\"nouvelles-CAEF\" width=\"51\" height=\"624\" hspace=\"10\" vspace=\"10\" \/><\/h1>\n<h1 style=\"text-align: center;\">SUBSTAN\u2019CIEL<\/h1>\n<p>&nbsp;<\/p>\n<p style=\"text-align: justify;\" align=\"LEFT\"><span style=\"font-family: Arial, sans-serif;\"><span style=\"font-size: small;\"><span style=\"color: #1b1c20;\"><b><img loading=\"lazy\" decoding=\"async\" class=\"wp-image-9987 aligncenter\" src=\"\/wp-content\/uploads\/2017\/04\/encart-2015-4-a.jpg\" alt=\"encart-2015-4-a\" width=\"536\" height=\"291\" srcset=\"https:\/\/www.servir.caef.net\/wp-content\/uploads\/2017\/04\/encart-2015-4-a.jpg 1604w, https:\/\/www.servir.caef.net\/wp-content\/uploads\/2017\/04\/encart-2015-4-a-300x163.jpg 300w, https:\/\/www.servir.caef.net\/wp-content\/uploads\/2017\/04\/encart-2015-4-a-768x416.jpg 768w, https:\/\/www.servir.caef.net\/wp-content\/uploads\/2017\/04\/encart-2015-4-a-1024x555.jpg 1024w\" sizes=\"auto, (max-width: 536px) 100vw, 536px\" \/>\u00a0<\/b><\/span><\/span><\/span><\/p>\n<p style=\"text-align: justify;\" align=\"LEFT\">\u00a0<\/p>\n<p style=\"text-align: center;\" align=\"LEFT\"><span style=\"font-family: Arial, sans-serif;\"><span style=\"font-size: small;\"><span style=\"color: #1b1c20;\">Groupe de th\u00e9\u00e2tre de l\u2019\u00c9glise \u00ab La Bonne Nouvelle \u00bb de Lingolsheim\/Ostwald <\/span><\/span><\/span><\/p>\n<p style=\"text-align: justify;\" align=\"LEFT\">\u00a0<\/p>\n<p style=\"text-align: justify;\" align=\"LEFT\">\u00a0<\/p>\n<p style=\"text-align: justify;\" align=\"LEFT\"><span style=\"font-family: Arial, sans-serif;\"><span style=\"font-size: small;\"><span style=\"color: #1b1c20;\">En 2009, Audrey, Muriel et Fabrice ont eu envie de mettre au service de leur Seigneur leur talent d\u2019acteur, et c\u2019est ainsi qu\u2019ont \u00e9t\u00e9 lanc\u00e9es les bases du groupe de th\u00e9\u00e2tre de notre \u00c9glise. Apr\u00e8s un appel, des personnes de tous \u00e2ges et de talents diff\u00e9rents se sont rajout\u00e9es pour \u00e9toffer l\u2019\u00e9quipe. <\/span><\/span><\/span><\/p>\n<p style=\"text-align: justify;\" align=\"LEFT\"><!--more--><\/p>\n<p style=\"text-align: justify;\" align=\"LEFT\"><span style=\"font-family: Arial, sans-serif;\"><span style=\"font-size: small;\"><span style=\"color: #1b1c20;\">A<b><a href=\"\/wp-content\/uploads\/2015\/pdf2015\/Servir 4-2015 Encart.pdf#page=1\"><img loading=\"lazy\" decoding=\"async\" class=\" size-full wp-image-115 alignright\" src=\"\/wp-content\/uploads\/2011\/01\/iconePDF.jpg\" alt=\"iconePDF\" width=\"81\" height=\"76\" \/><\/a><\/b>u bout de quelques repr\u00e9sentations dans notre salle de culte pour des soir\u00e9es portes ouvertes, avec seulement 2 spots et 1 micro, le Seigneur a r\u00e9pondu aux pri\u00e8res en rajoutant des talents techniques en son et lumi\u00e8re. Suite \u00e0 la r\u00e9action tr\u00e8s positive, nous avons eu le plaisir d\u2019offrir nos talents lors de soir\u00e9es dans des \u00c9glises de d\u00e9nominations diverses de l\u2019est et du nord de la France et m\u00eame jusqu\u2019en Belgique. Nous avons pu r\u00e9pondre aux diverses sollicitations avec les th\u00e8mes bibliques abord\u00e9s sous divers angles dans nos sketchs ou micros-trottoirs, avec un appel en accord avec l\u2019\u00c9glise invitante, tout en restant \u00e0 disposition pour un temps de questions-r\u00e9ponses avec les spectateurs en fin de soir\u00e9e. <\/span><\/span><\/span><\/p>\n<p style=\"text-align: justify;\" align=\"LEFT\">\u00a0<\/p>\n<p style=\"text-align: justify;\" align=\"LEFT\"><span style=\"font-family: Arial, sans-serif;\"><span style=\"font-size: small;\"><span style=\"color: #1b1c20;\">Nous avons d\u00e9j\u00e0 pu revisiter les th\u00e8mes suivants : <\/span><\/span><\/span><\/p>\n<p style=\"text-align: justify;\" align=\"LEFT\"><span style=\"font-family: Arial, sans-serif;\"><span style=\"font-size: small;\"><span style=\"color: #1b1c20;\">\u00ab <\/span><span style=\"color: #1b1c20;\"><b>Sommes-nous r\u00e9ellement libres ? \u00bb <\/b><\/span><span style=\"color: #1b1c20;\">(2010), <\/span><\/span><\/span><\/p>\n<p style=\"text-align: justify;\" align=\"LEFT\"><span style=\"font-family: Arial, sans-serif;\"><span style=\"font-size: small;\"><span style=\"color: #1b1c20;\"><b>\u00ab Tri s\u00e9lectif \u00bb <\/b><\/span><span style=\"color: #1b1c20;\">(2011), <\/span><\/span><\/span><\/p>\n<p style=\"text-align: justify;\" align=\"LEFT\"><span style=\"font-family: Arial, sans-serif;\"><span style=\"font-size: small;\"><span style=\"color: #1b1c20;\"><b>\u00ab Ins\u00e9curit\u00e9 ! \u00bb <\/b><\/span><span style=\"color: #1b1c20;\">(2012) et <\/span><\/span><\/span><\/p>\n<p style=\"text-align: justify;\" align=\"LEFT\"><span style=\"font-family: Arial, sans-serif;\"><span style=\"font-size: small;\"><span style=\"color: #1b1c20;\"><b>\u00ab Pardon ? \u00bb <\/b><\/span><span style=\"color: #1b1c20;\">(2014 et 2015). Pour l\u2019ann\u00e9e 2016, Dieu voulant, nous repartirons sur les planches et sur les routes au 1er semestre pour 4 ou 5 repr\u00e9sentations avec un nouveau th\u00e8me en pleine r\u00e9flexion\u2026 <\/span><\/span><\/span><\/p>\n<p style=\"text-align: justify;\" align=\"LEFT\"><span style=\"font-family: Arial, sans-serif;\"><span style=\"font-size: small;\"><span style=\"color: #1b1c20;\">C\u2019est avec plaisir que nous sommes pr\u00eats \u00e0 r\u00e9fl\u00e9chir ensemble aux possibilit\u00e9s de collaboration pour un temps d\u2019\u00e9vang\u00e9lisation par les arts. <\/span><\/span><\/span><\/p>\n<p style=\"text-align: justify;\" align=\"LEFT\">\u00a0<\/p>\n<p style=\"text-align: justify;\" align=\"LEFT\"><span style=\"font-family: Arial, sans-serif;\"><span style=\"font-size: small;\"><span style=\"color: #1b1c20;\">La troupe Substan\u2019ciel <\/span><\/span><\/span><\/p>\n<p style=\"text-align: justify;\" align=\"LEFT\"><span style=\"font-family: Arial, sans-serif;\"><span style=\"font-size: small;\"><span style=\"color: #1b1c20;\">Contact : <a href=\"mailto:joel.kehren@orange.fr\">joel.kehren @ orange.fr<\/a><\/span><\/span><\/span><\/p>\n","protected":false},"excerpt":{"rendered":"<p>SUBSTAN\u2019CIEL &nbsp; \u00a0 \u00a0 Groupe de th\u00e9\u00e2tre de l\u2019\u00c9glise \u00ab La Bonne Nouvelle \u00bb de Lingolsheim\/Ostwald \u00a0 \u00a0 En 2009, Audrey, Muriel et Fabrice ont eu envie de mettre au service de leur Seigneur leur talent d\u2019acteur, et c\u2019est ainsi qu\u2019ont \u00e9t\u00e9 lanc\u00e9es les bases du groupe de th\u00e9\u00e2tre de notre \u00c9glise. Apr\u00e8s un appel, [&hellip;]<\/p>\n","protected":false},"author":27,"featured_media":0,"comment_status":"closed","ping_status":"closed","sticky":false,"template":"","format":"standard","meta":{"footnotes":""},"categories":[76,3,9],"tags":[],"class_list":["post-9986","post","type-post","status-publish","format-standard","hentry","category-art","category-caef","category-oeuvres-et-missions"],"_links":{"self":[{"href":"https:\/\/www.servir.caef.net\/index.php?rest_route=\/wp\/v2\/posts\/9986","targetHints":{"allow":["GET"]}}],"collection":[{"href":"https:\/\/www.servir.caef.net\/index.php?rest_route=\/wp\/v2\/posts"}],"about":[{"href":"https:\/\/www.servir.caef.net\/index.php?rest_route=\/wp\/v2\/types\/post"}],"author":[{"embeddable":true,"href":"https:\/\/www.servir.caef.net\/index.php?rest_route=\/wp\/v2\/users\/27"}],"replies":[{"embeddable":true,"href":"https:\/\/www.servir.caef.net\/index.php?rest_route=%2Fwp%2Fv2%2Fcomments&post=9986"}],"version-history":[{"count":0,"href":"https:\/\/www.servir.caef.net\/index.php?rest_route=\/wp\/v2\/posts\/9986\/revisions"}],"wp:attachment":[{"href":"https:\/\/www.servir.caef.net\/index.php?rest_route=%2Fwp%2Fv2%2Fmedia&parent=9986"}],"wp:term":[{"taxonomy":"category","embeddable":true,"href":"https:\/\/www.servir.caef.net\/index.php?rest_route=%2Fwp%2Fv2%2Fcategories&post=9986"},{"taxonomy":"post_tag","embeddable":true,"href":"https:\/\/www.servir.caef.net\/index.php?rest_route=%2Fwp%2Fv2%2Ftags&post=9986"}],"curies":[{"name":"wp","href":"https:\/\/api.w.org\/{rel}","templated":true}]}}